{"id":9482,"date":"2017-01-10T06:00:54","date_gmt":"2017-01-10T05:00:54","guid":{"rendered":"http:\/\/informacyde.com\/blog\/?p=9482"},"modified":"2017-01-09T19:31:10","modified_gmt":"2017-01-09T18:31:10","slug":"du-premiere-iphone-a-aujourdhui","status":"publish","type":"post","link":"https:\/\/informacyde.com\/blog\/geek\/du-premiere-iphone-a-aujourdhui\/","title":{"rendered":"Du premi\u00e8re iPhone \u00e0 aujourd&rsquo;hui"},"content":{"rendered":"<p><img data-recalc-dims=\"1\" decoding=\"async\" class=\"aligncenter size-full wp-image-6043\" src=\"https:\/\/i0.wp.com\/informacyde.com\/blog\/wp-content\/uploads\/2007\/11\/iphone1.jpg?resize=329%2C312\" alt=\"\" width=\"329\" height=\"312\" \/><\/p>\n<p>En regardant les statistiques de mon blog, je suis tomb\u00e9 sur une page, rarement visit\u00e9e &#8211; et \u00e0 juste titre &#8211; puisqu&rsquo;elle n&rsquo;est pas tr\u00e8s r\u00e9cente. Son titre est : <a href=\"http:\/\/informacyde.com\/blog\/apple\/j-ai-l-iphone\/\">j&rsquo;ai l&rsquo;iPhone<\/a>. Elle a \u00e9t\u00e9 \u00e9crite en novembre 2007 ! C&rsquo;est la bonne p\u00e9riode pour en parler puisque l&rsquo;iPhone a f\u00eat\u00e9 hier, lundi 9 janvier 2017, ses 10 ans !<br \/>\nJe m&rsquo;en souviens bien, c&rsquo;\u00e9tait un grand moment. L&rsquo;annonce du premier iPhone avait fait beaucoup de bruit. C&rsquo;\u00e9tait l&rsquo;arriv\u00e9e\u00a0d&rsquo;une r\u00e9volution de la part d&rsquo;Apple. Un nouveau type de t\u00e9l\u00e9phone, une nouvelle technologie. J&rsquo;\u00e9tais compl\u00e8tement sous le charme&#8230;<\/p>\n<p>Je me souviens du jour o\u00f9 je l&rsquo;ai re\u00e7u, ouvert et test\u00e9 pour la premi\u00e8re fois. La premi\u00e8re chose qui m&rsquo;a marqu\u00e9, c&rsquo;est la fluidit\u00e9 de l&rsquo;\u00e9cran tactile. C&rsquo;\u00e9tait la premi\u00e8re fois que c&rsquo;\u00e9tait aussi parfait. L&rsquo;appareil \u00e9tait beau et original. Tout \u00e9tait beau dans le style d&rsquo;Apple.<\/p>\n<p>Ce qui m&rsquo;amuse, c&rsquo;est de lire les restrictions de l&rsquo;\u00e9poque auxquelles nous contraignait le premier t\u00e9l\u00e9phone de la firme. Pas de MMS, pas d&rsquo;\u00e9change de fichier par bluetooth. Sans parler des accus\u00e9s de r\u00e9ception, ce qui en a fait fr\u00e9mir plus d&rsquo;un (moi le premier). Aujourd&rsquo;hui, qui s&rsquo;en soucis encore ? Avec iMessage et toutes les messageries qui passent par le net, ces probl\u00e8mes sont tr\u00e8s loin, mais surtout oubli\u00e9s.<\/p>\n<p>Nous sommes aujourd&rsquo;hui avec un t\u00e9l\u00e9phone qui poss\u00e8de la 4G, un espace de stockage de plus important, tout comme la RAM. L&rsquo;\u00e9cran R\u00e9tina qui est devenu indispensable, le Touch ID ou le 3D Touch que l&rsquo;on n&rsquo;aurait pas pu imaginer une seconde, une finesse d&rsquo;appareil de plus en plus incroyable, mais surtout un OS qui s&rsquo;am\u00e9liore chaque ann\u00e9e, de plus en plus param\u00e8trable et qui nous donne acc\u00e8s \u00e0 de nombreuses applications, parfois excellentes.<\/p>\n<p>Le t\u00e9l\u00e9phone portable est devenu aujourd&rsquo;hui notre nouveau doudou, notre nouveau compagnon, ou meilleur ami&#8230; un peu de tout \u00e7a. Je ne m&rsquo;en s\u00e9pare absolument jamais et je n&rsquo;ai aucune envie de vivre sans. Aussi bien personnellement que professionnellement, j&rsquo;en ai un v\u00e9ritable usage quotidien.<\/p>\n<p>Je me suis pourtant s\u00e9par\u00e9 rapidement de cet iPhone qui faisait, de m\u00e9moire, seulement 8 Go. Je n&rsquo;ai jamais aim\u00e9 le tactile et je n&rsquo;aime toujours pas. J&rsquo;\u00e9tais un amoureux des Blackberry et de leur clavier plus que parfait. \u00c7a me manque toujours d&rsquo;ailleurs. J&rsquo;\u00e9cris deux fois plus vite sur un clavier physique. Mais aujourd&rsquo;hui, difficile de rivaliser avec les iPhone. M\u00eame les Samsung, pour ceux qui aiment. Pourtant, le dernier Blackberry que j&rsquo;ai eu l&rsquo;occasion de manipuler, le Priv (je crois) est un vrai bijou qui nous fait oublier les anciens d\u00e9fauts de cette marque. Le catalogue des applications Android est \u00e0 notre disposition, le clavier tactile est toujours aussi parfait mais il est \u00e9galement sensitif : quand on travaille avec cette machine, c&rsquo;est le top&#8230;<\/p>\n<p>Pourtant, \u00e9tant \u00e9quip\u00e9 par Apple de la t\u00eate au pied (iMac, MacBook Pro, MacBook Air, iPad, Apple Watch), il est difficile de coupler d&rsquo;autres solutions avec celles-ci maintenant. Surtout avec l&rsquo;arriv\u00e9e d&rsquo;iCloud, qui a permis une vraie coh\u00e9rence entre ses machines. J&rsquo;aurais du mal \u00e0 m&rsquo;enlever de l&rsquo;esprit qu&rsquo;avoir des appareils cr\u00e9\u00e9s par une marque et un logiciel, \u00e0 l&rsquo;int\u00e9rieur, cr\u00e9\u00e9 \u00e9galement par celle-ci, ne soit pas ce que l&rsquo;on peut avoir de mieux aujourd&rsquo;hui.<\/p>\n<p>Depuis l&rsquo;iPhone 4, je suis redevenu fid\u00e8le \u00e0 la pomme de Steve Jobs. Je ne suis pourtant pas convaincu par l&rsquo;ensemble des choix que prend l&rsquo;entreprise aujourd&rsquo;hui. Trop de secrets, pas mal de changements de direction, quelques rat\u00e9s auxquels nous ne sommes pas habitu\u00e9s&#8230;<\/p>\n<p>Bref, le temps de la version d&rsquo;iOS 1.1.1 dont je parlais dans <a href=\"http:\/\/informacyde.com\/blog\/apple\/j-ai-l-iphone\/\">mon billet<\/a> est loin, mais je suis heureux d&rsquo;avoir re\u00e7u et utilis\u00e9 un iPhone, 3 mois avant sa sortie officielle en France !<\/p>\n","protected":false},"excerpt":{"rendered":"<p>En regardant les statistiques de mon blog, je suis tomb\u00e9 sur une page, rarement visit\u00e9e &#8211; et \u00e0 juste titre &#8211; puisqu&rsquo;elle n&rsquo;est pas tr\u00e8s r\u00e9cente. Son titre est :&hellip;<\/p>\n","protected":false},"author":10,"featured_media":0,"comment_status":"open","ping_status":"open","sticky":false,"template":"","format":"standard","meta":{"jetpack_post_was_ever_published":false,"_jetpack_newsletter_access":"","_jetpack_dont_email_post_to_subs":false,"_jetpack_newsletter_tier_id":0,"_jetpack_memberships_contains_paywalled_content":false,"_jetpack_memberships_contains_paid_content":false,"footnotes":""},"categories":[1467],"tags":[1433,1435,537,116,331,1323,119],"class_list":["post-9482","post","type-post","status-publish","format-standard","hentry","category-geek","tag-apple","tag-blackberry","tag-histoire","tag-iphone","tag-mobile","tag-samsung","tag-telephone"],"yoast_head":"<!-- This site is optimized with the Yoast SEO plugin v27.5 - https:\/\/yoast.com\/product\/yoast-seo-wordpress\/ -->\n<title>Du premi\u00e8re iPhone \u00e0 aujourd&#039;hui - Informacyde<\/title>\n<meta name=\"robots\" content=\"index, follow, max-snippet:-1, max-image-preview:large, max-video-preview:-1\" \/>\n<link rel=\"canonical\" href=\"https:\/\/informacyde.com\/blog\/geek\/du-premiere-iphone-a-aujourdhui\/\" \/>\n<meta property=\"og:locale\" content=\"fr_FR\" \/>\n<meta property=\"og:type\" content=\"article\" \/>\n<meta property=\"og:title\" content=\"Du premi\u00e8re iPhone \u00e0 aujourd&#039;hui - Informacyde\" \/>\n<meta property=\"og:description\" content=\"En regardant les statistiques de mon blog, je suis tomb\u00e9 sur une page, rarement visit\u00e9e &#8211; et \u00e0 juste titre &#8211; puisqu&rsquo;elle n&rsquo;est pas tr\u00e8s r\u00e9cente. Son titre est :&hellip;\" \/>\n<meta property=\"og:url\" content=\"https:\/\/informacyde.com\/blog\/geek\/du-premiere-iphone-a-aujourdhui\/\" \/>\n<meta property=\"og:site_name\" content=\"Informacyde\" \/>\n<meta property=\"article:published_time\" content=\"2017-01-10T05:00:54+00:00\" \/>\n<meta property=\"og:image\" content=\"http:\/\/informacyde.com\/blog\/wp-content\/uploads\/2007\/11\/iphone1.jpg\" \/>\n<meta name=\"author\" content=\"Harold\" \/>\n<meta name=\"twitter:card\" content=\"summary_large_image\" \/>\n<meta name=\"twitter:creator\" content=\"@https:\/\/twitter.com\/informacyde\" \/>\n<meta name=\"twitter:site\" content=\"@informacyde\" \/>\n<meta name=\"twitter:label1\" content=\"\u00c9crit par\" \/>\n\t<meta name=\"twitter:data1\" content=\"Harold\" \/>\n\t<meta name=\"twitter:label2\" content=\"Dur\u00e9e de lecture estim\u00e9e\" \/>\n\t<meta name=\"twitter:data2\" content=\"3 minutes\" \/>\n<script type=\"application\/ld+json\" class=\"yoast-schema-graph\">{\"@context\":\"https:\\\/\\\/schema.org\",\"@graph\":[{\"@type\":\"Article\",\"@id\":\"https:\\\/\\\/informacyde.com\\\/blog\\\/geek\\\/du-premiere-iphone-a-aujourdhui\\\/#article\",\"isPartOf\":{\"@id\":\"https:\\\/\\\/informacyde.com\\\/blog\\\/geek\\\/du-premiere-iphone-a-aujourdhui\\\/\"},\"author\":{\"name\":\"Harold\",\"@id\":\"https:\\\/\\\/informacyde.com\\\/blog\\\/#\\\/schema\\\/person\\\/e7e6dfe56d697fdbf8cdc6ab587bd4a3\"},\"headline\":\"Du premi\u00e8re iPhone \u00e0 aujourd&rsquo;hui\",\"datePublished\":\"2017-01-10T05:00:54+00:00\",\"mainEntityOfPage\":{\"@id\":\"https:\\\/\\\/informacyde.com\\\/blog\\\/geek\\\/du-premiere-iphone-a-aujourdhui\\\/\"},\"wordCount\":713,\"commentCount\":0,\"publisher\":{\"@id\":\"https:\\\/\\\/informacyde.com\\\/blog\\\/#\\\/schema\\\/person\\\/e7e6dfe56d697fdbf8cdc6ab587bd4a3\"},\"image\":{\"@id\":\"https:\\\/\\\/informacyde.com\\\/blog\\\/geek\\\/du-premiere-iphone-a-aujourdhui\\\/#primaryimage\"},\"thumbnailUrl\":\"http:\\\/\\\/informacyde.com\\\/blog\\\/wp-content\\\/uploads\\\/2007\\\/11\\\/iphone1.jpg\",\"keywords\":[\"Apple\",\"Blackberry\",\"histoire\",\"iphone\",\"mobile\",\"samsung\",\"t\u00e9l\u00e9phone\"],\"articleSection\":[\"Geek\"],\"inLanguage\":\"fr-FR\",\"potentialAction\":[{\"@type\":\"CommentAction\",\"name\":\"Comment\",\"target\":[\"https:\\\/\\\/informacyde.com\\\/blog\\\/geek\\\/du-premiere-iphone-a-aujourdhui\\\/#respond\"]}]},{\"@type\":\"WebPage\",\"@id\":\"https:\\\/\\\/informacyde.com\\\/blog\\\/geek\\\/du-premiere-iphone-a-aujourdhui\\\/\",\"url\":\"https:\\\/\\\/informacyde.com\\\/blog\\\/geek\\\/du-premiere-iphone-a-aujourdhui\\\/\",\"name\":\"Du premi\u00e8re iPhone \u00e0 aujourd'hui - Informacyde\",\"isPartOf\":{\"@id\":\"https:\\\/\\\/informacyde.com\\\/blog\\\/#website\"},\"primaryImageOfPage\":{\"@id\":\"https:\\\/\\\/informacyde.com\\\/blog\\\/geek\\\/du-premiere-iphone-a-aujourdhui\\\/#primaryimage\"},\"image\":{\"@id\":\"https:\\\/\\\/informacyde.com\\\/blog\\\/geek\\\/du-premiere-iphone-a-aujourdhui\\\/#primaryimage\"},\"thumbnailUrl\":\"http:\\\/\\\/informacyde.com\\\/blog\\\/wp-content\\\/uploads\\\/2007\\\/11\\\/iphone1.jpg\",\"datePublished\":\"2017-01-10T05:00:54+00:00\",\"breadcrumb\":{\"@id\":\"https:\\\/\\\/informacyde.com\\\/blog\\\/geek\\\/du-premiere-iphone-a-aujourdhui\\\/#breadcrumb\"},\"inLanguage\":\"fr-FR\",\"potentialAction\":[{\"@type\":\"ReadAction\",\"target\":[\"https:\\\/\\\/informacyde.com\\\/blog\\\/geek\\\/du-premiere-iphone-a-aujourdhui\\\/\"]}]},{\"@type\":\"ImageObject\",\"inLanguage\":\"fr-FR\",\"@id\":\"https:\\\/\\\/informacyde.com\\\/blog\\\/geek\\\/du-premiere-iphone-a-aujourdhui\\\/#primaryimage\",\"url\":\"http:\\\/\\\/informacyde.com\\\/blog\\\/wp-content\\\/uploads\\\/2007\\\/11\\\/iphone1.jpg\",\"contentUrl\":\"http:\\\/\\\/informacyde.com\\\/blog\\\/wp-content\\\/uploads\\\/2007\\\/11\\\/iphone1.jpg\"},{\"@type\":\"BreadcrumbList\",\"@id\":\"https:\\\/\\\/informacyde.com\\\/blog\\\/geek\\\/du-premiere-iphone-a-aujourdhui\\\/#breadcrumb\",\"itemListElement\":[{\"@type\":\"ListItem\",\"position\":1,\"name\":\"Accueil\",\"item\":\"https:\\\/\\\/informacyde.com\\\/blog\\\/\"},{\"@type\":\"ListItem\",\"position\":2,\"name\":\"Du premi\u00e8re iPhone \u00e0 aujourd&rsquo;hui\"}]},{\"@type\":\"WebSite\",\"@id\":\"https:\\\/\\\/informacyde.com\\\/blog\\\/#website\",\"url\":\"https:\\\/\\\/informacyde.com\\\/blog\\\/\",\"name\":\"Informacyde\",\"description\":\"High-Tech &amp; Co - Depuis 2004\",\"publisher\":{\"@id\":\"https:\\\/\\\/informacyde.com\\\/blog\\\/#\\\/schema\\\/person\\\/e7e6dfe56d697fdbf8cdc6ab587bd4a3\"},\"potentialAction\":[{\"@type\":\"SearchAction\",\"target\":{\"@type\":\"EntryPoint\",\"urlTemplate\":\"https:\\\/\\\/informacyde.com\\\/blog\\\/?s={search_term_string}\"},\"query-input\":{\"@type\":\"PropertyValueSpecification\",\"valueRequired\":true,\"valueName\":\"search_term_string\"}}],\"inLanguage\":\"fr-FR\"},{\"@type\":[\"Person\",\"Organization\"],\"@id\":\"https:\\\/\\\/informacyde.com\\\/blog\\\/#\\\/schema\\\/person\\\/e7e6dfe56d697fdbf8cdc6ab587bd4a3\",\"name\":\"Harold\",\"logo\":{\"@id\":\"https:\\\/\\\/informacyde.com\\\/blog\\\/#\\\/schema\\\/person\\\/image\\\/\"},\"sameAs\":[\"https:\\\/\\\/www.linkedin.com\\\/in\\\/harold-birene-6b35a2114\\\/\",\"https:\\\/\\\/x.com\\\/https:\\\/\\\/twitter.com\\\/informacyde\"],\"url\":\"https:\\\/\\\/informacyde.com\\\/blog\"}]}<\/script>\n<!-- \/ Yoast SEO plugin. -->","yoast_head_json":{"title":"Du premi\u00e8re iPhone \u00e0 aujourd'hui - Informacyde","robots":{"index":"index","follow":"follow","max-snippet":"max-snippet:-1","max-image-preview":"max-image-preview:large","max-video-preview":"max-video-preview:-1"},"canonical":"https:\/\/informacyde.com\/blog\/geek\/du-premiere-iphone-a-aujourdhui\/","og_locale":"fr_FR","og_type":"article","og_title":"Du premi\u00e8re iPhone \u00e0 aujourd'hui - Informacyde","og_description":"En regardant les statistiques de mon blog, je suis tomb\u00e9 sur une page, rarement visit\u00e9e &#8211; et \u00e0 juste titre &#8211; puisqu&rsquo;elle n&rsquo;est pas tr\u00e8s r\u00e9cente. Son titre est :&hellip;","og_url":"https:\/\/informacyde.com\/blog\/geek\/du-premiere-iphone-a-aujourdhui\/","og_site_name":"Informacyde","article_published_time":"2017-01-10T05:00:54+00:00","og_image":[{"url":"http:\/\/informacyde.com\/blog\/wp-content\/uploads\/2007\/11\/iphone1.jpg","type":"","width":"","height":""}],"author":"Harold","twitter_card":"summary_large_image","twitter_creator":"@https:\/\/twitter.com\/informacyde","twitter_site":"@informacyde","twitter_misc":{"\u00c9crit par":"Harold","Dur\u00e9e de lecture estim\u00e9e":"3 minutes"},"schema":{"@context":"https:\/\/schema.org","@graph":[{"@type":"Article","@id":"https:\/\/informacyde.com\/blog\/geek\/du-premiere-iphone-a-aujourdhui\/#article","isPartOf":{"@id":"https:\/\/informacyde.com\/blog\/geek\/du-premiere-iphone-a-aujourdhui\/"},"author":{"name":"Harold","@id":"https:\/\/informacyde.com\/blog\/#\/schema\/person\/e7e6dfe56d697fdbf8cdc6ab587bd4a3"},"headline":"Du premi\u00e8re iPhone \u00e0 aujourd&rsquo;hui","datePublished":"2017-01-10T05:00:54+00:00","mainEntityOfPage":{"@id":"https:\/\/informacyde.com\/blog\/geek\/du-premiere-iphone-a-aujourdhui\/"},"wordCount":713,"commentCount":0,"publisher":{"@id":"https:\/\/informacyde.com\/blog\/#\/schema\/person\/e7e6dfe56d697fdbf8cdc6ab587bd4a3"},"image":{"@id":"https:\/\/informacyde.com\/blog\/geek\/du-premiere-iphone-a-aujourdhui\/#primaryimage"},"thumbnailUrl":"http:\/\/informacyde.com\/blog\/wp-content\/uploads\/2007\/11\/iphone1.jpg","keywords":["Apple","Blackberry","histoire","iphone","mobile","samsung","t\u00e9l\u00e9phone"],"articleSection":["Geek"],"inLanguage":"fr-FR","potentialAction":[{"@type":"CommentAction","name":"Comment","target":["https:\/\/informacyde.com\/blog\/geek\/du-premiere-iphone-a-aujourdhui\/#respond"]}]},{"@type":"WebPage","@id":"https:\/\/informacyde.com\/blog\/geek\/du-premiere-iphone-a-aujourdhui\/","url":"https:\/\/informacyde.com\/blog\/geek\/du-premiere-iphone-a-aujourdhui\/","name":"Du premi\u00e8re iPhone \u00e0 aujourd'hui - Informacyde","isPartOf":{"@id":"https:\/\/informacyde.com\/blog\/#website"},"primaryImageOfPage":{"@id":"https:\/\/informacyde.com\/blog\/geek\/du-premiere-iphone-a-aujourdhui\/#primaryimage"},"image":{"@id":"https:\/\/informacyde.com\/blog\/geek\/du-premiere-iphone-a-aujourdhui\/#primaryimage"},"thumbnailUrl":"http:\/\/informacyde.com\/blog\/wp-content\/uploads\/2007\/11\/iphone1.jpg","datePublished":"2017-01-10T05:00:54+00:00","breadcrumb":{"@id":"https:\/\/informacyde.com\/blog\/geek\/du-premiere-iphone-a-aujourdhui\/#breadcrumb"},"inLanguage":"fr-FR","potentialAction":[{"@type":"ReadAction","target":["https:\/\/informacyde.com\/blog\/geek\/du-premiere-iphone-a-aujourdhui\/"]}]},{"@type":"ImageObject","inLanguage":"fr-FR","@id":"https:\/\/informacyde.com\/blog\/geek\/du-premiere-iphone-a-aujourdhui\/#primaryimage","url":"http:\/\/informacyde.com\/blog\/wp-content\/uploads\/2007\/11\/iphone1.jpg","contentUrl":"http:\/\/informacyde.com\/blog\/wp-content\/uploads\/2007\/11\/iphone1.jpg"},{"@type":"BreadcrumbList","@id":"https:\/\/informacyde.com\/blog\/geek\/du-premiere-iphone-a-aujourdhui\/#breadcrumb","itemListElement":[{"@type":"ListItem","position":1,"name":"Accueil","item":"https:\/\/informacyde.com\/blog\/"},{"@type":"ListItem","position":2,"name":"Du premi\u00e8re iPhone \u00e0 aujourd&rsquo;hui"}]},{"@type":"WebSite","@id":"https:\/\/informacyde.com\/blog\/#website","url":"https:\/\/informacyde.com\/blog\/","name":"Informacyde","description":"High-Tech &amp; Co - Depuis 2004","publisher":{"@id":"https:\/\/informacyde.com\/blog\/#\/schema\/person\/e7e6dfe56d697fdbf8cdc6ab587bd4a3"},"potentialAction":[{"@type":"SearchAction","target":{"@type":"EntryPoint","urlTemplate":"https:\/\/informacyde.com\/blog\/?s={search_term_string}"},"query-input":{"@type":"PropertyValueSpecification","valueRequired":true,"valueName":"search_term_string"}}],"inLanguage":"fr-FR"},{"@type":["Person","Organization"],"@id":"https:\/\/informacyde.com\/blog\/#\/schema\/person\/e7e6dfe56d697fdbf8cdc6ab587bd4a3","name":"Harold","logo":{"@id":"https:\/\/informacyde.com\/blog\/#\/schema\/person\/image\/"},"sameAs":["https:\/\/www.linkedin.com\/in\/harold-birene-6b35a2114\/","https:\/\/x.com\/https:\/\/twitter.com\/informacyde"],"url":"https:\/\/informacyde.com\/blog"}]}},"jetpack_featured_media_url":"","jetpack_shortlink":"https:\/\/wp.me\/piIgU-2sW","jetpack_sharing_enabled":true,"_links":{"self":[{"href":"https:\/\/informacyde.com\/blog\/wp-json\/wp\/v2\/posts\/9482","targetHints":{"allow":["GET"]}}],"collection":[{"href":"https:\/\/informacyde.com\/blog\/wp-json\/wp\/v2\/posts"}],"about":[{"href":"https:\/\/informacyde.com\/blog\/wp-json\/wp\/v2\/types\/post"}],"author":[{"embeddable":true,"href":"https:\/\/informacyde.com\/blog\/wp-json\/wp\/v2\/users\/10"}],"replies":[{"embeddable":true,"href":"https:\/\/informacyde.com\/blog\/wp-json\/wp\/v2\/comments?post=9482"}],"version-history":[{"count":0,"href":"https:\/\/informacyde.com\/blog\/wp-json\/wp\/v2\/posts\/9482\/revisions"}],"wp:attachment":[{"href":"https:\/\/informacyde.com\/blog\/wp-json\/wp\/v2\/media?parent=9482"}],"wp:term":[{"taxonomy":"category","embeddable":true,"href":"https:\/\/informacyde.com\/blog\/wp-json\/wp\/v2\/categories?post=9482"},{"taxonomy":"post_tag","embeddable":true,"href":"https:\/\/informacyde.com\/blog\/wp-json\/wp\/v2\/tags?post=9482"}],"curies":[{"name":"wp","href":"https:\/\/api.w.org\/{rel}","templated":true}]}}