{"id":8957,"date":"2015-11-15T11:56:06","date_gmt":"2015-11-15T10:56:06","guid":{"rendered":"http:\/\/informacyde.com\/blog\/?p=8957"},"modified":"2016-08-01T19:27:57","modified_gmt":"2016-08-01T17:27:57","slug":"attaques-du-13-novembre-2015","status":"publish","type":"post","link":"https:\/\/informacyde.com\/blog\/actus\/attaques-du-13-novembre-2015\/","title":{"rendered":"Attaques du 13 novembre 2015"},"content":{"rendered":"<p><a href=\"https:\/\/i0.wp.com\/informacyde.com\/blog\/wp-content\/uploads\/2015\/11\/pray_for_paris130434103.jpg\"><img data-recalc-dims=\"1\" decoding=\"async\" data-attachment-id=\"8958\" data-permalink=\"https:\/\/informacyde.com\/blog\/actus\/attaques-du-13-novembre-2015\/attachment\/pray_for_paris130434103\/\" data-orig-file=\"https:\/\/i0.wp.com\/informacyde.com\/blog\/wp-content\/uploads\/2015\/11\/pray_for_paris130434103.jpg?fit=560%2C292&amp;ssl=1\" data-orig-size=\"560,292\" data-comments-opened=\"1\" data-image-meta=\"{&quot;aperture&quot;:&quot;0&quot;,&quot;credit&quot;:&quot;&quot;,&quot;camera&quot;:&quot;&quot;,&quot;caption&quot;:&quot;&quot;,&quot;created_timestamp&quot;:&quot;0&quot;,&quot;copyright&quot;:&quot;&quot;,&quot;focal_length&quot;:&quot;0&quot;,&quot;iso&quot;:&quot;0&quot;,&quot;shutter_speed&quot;:&quot;0&quot;,&quot;title&quot;:&quot;&quot;,&quot;orientation&quot;:&quot;1&quot;}\" data-image-title=\"pray_for_paris130434103\" data-image-description=\"\" data-image-caption=\"\" data-large-file=\"https:\/\/i0.wp.com\/informacyde.com\/blog\/wp-content\/uploads\/2015\/11\/pray_for_paris130434103.jpg?fit=560%2C292&amp;ssl=1\" class=\"aligncenter size-full wp-image-8958\" src=\"https:\/\/i0.wp.com\/informacyde.com\/blog\/wp-content\/uploads\/2015\/11\/pray_for_paris130434103.jpg?resize=560%2C292\" alt=\"pray_for_paris130434103\" width=\"560\" height=\"292\" srcset=\"https:\/\/i0.wp.com\/informacyde.com\/blog\/wp-content\/uploads\/2015\/11\/pray_for_paris130434103.jpg?w=560&amp;ssl=1 560w, https:\/\/i0.wp.com\/informacyde.com\/blog\/wp-content\/uploads\/2015\/11\/pray_for_paris130434103.jpg?resize=300%2C156&amp;ssl=1 300w\" sizes=\"(max-width: 560px) 100vw, 560px\" \/><\/a><\/p>\n<p>Les choses se bousculent dans la t\u00eate dans chacun. Les \u00e9v\u00e9nements qui viennent de se d\u00e9rouler dans la capitale fran\u00e7aise sont abominables&#8230; Deux jours apr\u00e8s, il est encore difficile de mettre des mots sur ces \u00e9v\u00e9nements, mais il est n\u00e9cessaire de parler, de s&rsquo;exprimer et de partager pour \u00e9vacuer, mais aussi pour marquer ce moment. Rester dans la crainte ou la peur n&rsquo;est pas la solution, il faut pouvoir avancer, chacun \u00e0 sa fa\u00e7on.<\/p>\n<p>J&rsquo;allais quitter mon domicile, vers 21h45\/22h, pour dans un endroit tr\u00e8s proche des \u00e9v\u00e9nements. Par chance, j&rsquo;\u00e9tais en retard, puis je n&rsquo;\u00e9tais pas encore inform\u00e9 de la situation. C&rsquo;est seulement quelques minutes avant le d\u00e9part que l&rsquo;on me pr\u00e9vient, que j&rsquo;allume la t\u00e9l\u00e9 en restant scotch\u00e9 \u00e0 BFMTV, loin de me douter que je vais \u00eatre incapable de me relever dans les minutes qui suivent&#8230;<\/p>\n<p>C&rsquo;est difficile d&rsquo;exprimer ce que l&rsquo;on ressent dans un moment comme \u00e7a&#8230; Les \u00e9v\u00e9nements se succ\u00e8dent, le nombre de morts grandit \u00e0 vu d&rsquo;oeil, le nombre de lieux cibl\u00e9s par les terroristes \u00e9galement, pour finir par une prise d&rsquo;otage immense dans un lieu connu \u00e0 Paris, le Bataclan.<\/p>\n<p>Jusqu&rsquo;\u00e0 3h du matin, je suis rest\u00e9 devant les actualit\u00e9s, en essayant de comprendre et compl\u00e8tement flipp\u00e9 par la suite des \u00e9v\u00e9nements. Une attaque d&rsquo;une telle ampleur ne peut se <em>comprendre<\/em> si vite.<\/p>\n<p>Les r\u00e9seaux sociaux ont particuli\u00e8rement montr\u00e9 leur efficacit\u00e9, leur utilit\u00e9 depuis le d\u00e9but des attentats. Chacun a pu partager, communiquer, se rassurer et rester inform\u00e9 dans de bonnes conditions.<\/p>\n<p>Le mot <strong>guerre<\/strong> prend malheureusement tout son sens. M\u00eame si nous le savions depuis longtemps, notamment avec les \u00e9v\u00e9nements de <a href=\"http:\/\/informacyde.com\/blog\/actus\/7-janvier-2015\/\" target=\"_blank\">Charlie Hebdo<\/a>, je me demande pourtant aujourd&rsquo;hui \u00e0 quel point nous l&rsquo;avions r\u00e9alis\u00e9. Aujourd&rsquo;hui, avec en plus l&rsquo;<a href=\"https:\/\/fr.wikipedia.org\/wiki\/\u00c9tat_d%27urgence_en_France\" target=\"_blank\">\u00c9tat d&rsquo;Urgence<\/a> d\u00e9cr\u00e9t\u00e9 par le pr\u00e9sident de la R\u00e9publique Fran\u00e7ois Hollande (qui n&rsquo;avait pas \u00e9t\u00e9 d\u00e9cr\u00e9t\u00e9 depuis 2005), nous en prenons conscience, avec ce mot qui arrive en pleine t\u00eate et qui fait froid dans le dos. 3 jours de deuil national \u00e9galement, c&rsquo;est exceptionnel, mais \u00e0 la mesure de la situation.<\/p>\n<p>L&rsquo;enqu\u00eate avance comme toujours tr\u00e8s vite, on arrive jusqu&rsquo;en Belgique, mais les \u00e9l\u00e9ments restent encore flous&#8230; Ce qui reste important, c&rsquo;est que nous savons que l&rsquo;ensemble des terroristes n&rsquo;ont pas\u00a0\u00e9t\u00e9 identifi\u00e9s, nous ne savons donc pas ce qu&rsquo;il va arriver dans les jours\/semaines qui viennent&#8230; Par exemple l&rsquo;une des voitures utilis\u00e9es pour l&rsquo;attaque bataclan a \u00e9t\u00e9 retrouv\u00e9e \u00e0 Montreuil&#8230; mais qui l&rsquo;a amen\u00e9 jusqu&rsquo;\u00e0 l\u00e0-bas sachant que les hommes qui se font exploser n&rsquo;ont pas pu la d\u00e9placer ensuite&#8230;<\/p>\n<p>D&rsquo;ailleurs, le communiqu\u00e9 de revendication des attentats\u00a0le dit clairement, \u00ab\u00a0cette attaque n&rsquo;est que le d\u00e9but de la temp\u00eate\u00a0\u00bb.<\/p>\n<p>L&rsquo;ann\u00e9e 2015 est tr\u00e8s marqu\u00e9e. Son d\u00e9but et sa fin resteront grav\u00e9s dans notre t\u00eate avec beaucoup de souffrances. Le nombre de morts et de bless\u00e9s est effroyable.<br \/>\nNous allons devoir rester vigilants, encore plus, \u00e0 chaque instant. Il est pour l&rsquo;instant n\u00e9cessaire\u00a0de vivre dans une certaine crainte,\u00a0car nous ne connaissant pas la suite des \u00e9v\u00e9nements. Il faut rapidement que nos hommes politiques prennent les dispositions n\u00e9cessaires, \u00e0 tr\u00e8s long terme, pour lutter contre cette situation et nous mettre en s\u00e9curit\u00e9.<\/p>\n<p>#PrayForParis<\/p>\n<p>&nbsp;<\/p>\n","protected":false},"excerpt":{"rendered":"<p>Les choses se bousculent dans la t\u00eate dans chacun. Les \u00e9v\u00e9nements qui viennent de se d\u00e9rouler dans la capitale fran\u00e7aise sont abominables&#8230; Deux jours apr\u00e8s, il est encore difficile de&hellip;<\/p>\n","protected":false},"author":10,"featured_media":8962,"comment_status":"open","ping_status":"open","sticky":false,"template":"","format":"standard","meta":{"jetpack_post_was_ever_published":false,"_jetpack_newsletter_access":"","_jetpack_dont_email_post_to_subs":false,"_jetpack_newsletter_tier_id":0,"_jetpack_memberships_contains_paywalled_content":false,"_jetpack_memberships_contains_paid_content":false,"footnotes":""},"categories":[10],"tags":[],"class_list":["post-8957","post","type-post","status-publish","format-standard","has-post-thumbnail","hentry","category-actus"],"yoast_head":"<!-- This site is optimized with the Yoast SEO plugin v27.5 - https:\/\/yoast.com\/product\/yoast-seo-wordpress\/ -->\n<title>Attaques du 13 novembre 2015 - Informacyde<\/title>\n<meta name=\"robots\" content=\"index, follow, max-snippet:-1, max-image-preview:large, max-video-preview:-1\" \/>\n<link rel=\"canonical\" href=\"https:\/\/informacyde.com\/blog\/actus\/attaques-du-13-novembre-2015\/\" \/>\n<meta property=\"og:locale\" content=\"fr_FR\" \/>\n<meta property=\"og:type\" content=\"article\" \/>\n<meta property=\"og:title\" content=\"Attaques du 13 novembre 2015 - Informacyde\" \/>\n<meta property=\"og:description\" content=\"Les choses se bousculent dans la t\u00eate dans chacun. Les \u00e9v\u00e9nements qui viennent de se d\u00e9rouler dans la capitale fran\u00e7aise sont abominables&#8230; Deux jours apr\u00e8s, il est encore difficile de&hellip;\" \/>\n<meta property=\"og:url\" content=\"https:\/\/informacyde.com\/blog\/actus\/attaques-du-13-novembre-2015\/\" \/>\n<meta property=\"og:site_name\" content=\"Informacyde\" \/>\n<meta property=\"article:published_time\" content=\"2015-11-15T10:56:06+00:00\" \/>\n<meta property=\"article:modified_time\" content=\"2016-08-01T17:27:57+00:00\" \/>\n<meta property=\"og:image\" content=\"https:\/\/i0.wp.com\/informacyde.com\/blog\/wp-content\/uploads\/2015\/11\/pray_for_paris1304341031.jpg?fit=560%2C292&ssl=1\" \/>\n\t<meta property=\"og:image:width\" content=\"560\" \/>\n\t<meta property=\"og:image:height\" content=\"292\" \/>\n\t<meta property=\"og:image:type\" content=\"image\/jpeg\" \/>\n<meta name=\"author\" content=\"Harold\" \/>\n<meta name=\"twitter:card\" content=\"summary_large_image\" \/>\n<meta name=\"twitter:creator\" content=\"@https:\/\/twitter.com\/informacyde\" \/>\n<meta name=\"twitter:site\" content=\"@informacyde\" \/>\n<meta name=\"twitter:label1\" content=\"\u00c9crit par\" \/>\n\t<meta name=\"twitter:data1\" content=\"Harold\" \/>\n\t<meta name=\"twitter:label2\" content=\"Dur\u00e9e de lecture estim\u00e9e\" \/>\n\t<meta name=\"twitter:data2\" content=\"3 minutes\" \/>\n<script type=\"application\/ld+json\" class=\"yoast-schema-graph\">{\"@context\":\"https:\\\/\\\/schema.org\",\"@graph\":[{\"@type\":\"Article\",\"@id\":\"https:\\\/\\\/informacyde.com\\\/blog\\\/actus\\\/attaques-du-13-novembre-2015\\\/#article\",\"isPartOf\":{\"@id\":\"https:\\\/\\\/informacyde.com\\\/blog\\\/actus\\\/attaques-du-13-novembre-2015\\\/\"},\"author\":{\"name\":\"Harold\",\"@id\":\"https:\\\/\\\/informacyde.com\\\/blog\\\/#\\\/schema\\\/person\\\/e7e6dfe56d697fdbf8cdc6ab587bd4a3\"},\"headline\":\"Attaques du 13 novembre 2015\",\"datePublished\":\"2015-11-15T10:56:06+00:00\",\"dateModified\":\"2016-08-01T17:27:57+00:00\",\"mainEntityOfPage\":{\"@id\":\"https:\\\/\\\/informacyde.com\\\/blog\\\/actus\\\/attaques-du-13-novembre-2015\\\/\"},\"wordCount\":605,\"commentCount\":0,\"publisher\":{\"@id\":\"https:\\\/\\\/informacyde.com\\\/blog\\\/#\\\/schema\\\/person\\\/e7e6dfe56d697fdbf8cdc6ab587bd4a3\"},\"image\":{\"@id\":\"https:\\\/\\\/informacyde.com\\\/blog\\\/actus\\\/attaques-du-13-novembre-2015\\\/#primaryimage\"},\"thumbnailUrl\":\"https:\\\/\\\/i0.wp.com\\\/informacyde.com\\\/blog\\\/wp-content\\\/uploads\\\/2015\\\/11\\\/pray_for_paris1304341031.jpg?fit=560%2C292&ssl=1\",\"articleSection\":[\"Actus\"],\"inLanguage\":\"fr-FR\",\"potentialAction\":[{\"@type\":\"CommentAction\",\"name\":\"Comment\",\"target\":[\"https:\\\/\\\/informacyde.com\\\/blog\\\/actus\\\/attaques-du-13-novembre-2015\\\/#respond\"]}]},{\"@type\":\"WebPage\",\"@id\":\"https:\\\/\\\/informacyde.com\\\/blog\\\/actus\\\/attaques-du-13-novembre-2015\\\/\",\"url\":\"https:\\\/\\\/informacyde.com\\\/blog\\\/actus\\\/attaques-du-13-novembre-2015\\\/\",\"name\":\"Attaques du 13 novembre 2015 - Informacyde\",\"isPartOf\":{\"@id\":\"https:\\\/\\\/informacyde.com\\\/blog\\\/#website\"},\"primaryImageOfPage\":{\"@id\":\"https:\\\/\\\/informacyde.com\\\/blog\\\/actus\\\/attaques-du-13-novembre-2015\\\/#primaryimage\"},\"image\":{\"@id\":\"https:\\\/\\\/informacyde.com\\\/blog\\\/actus\\\/attaques-du-13-novembre-2015\\\/#primaryimage\"},\"thumbnailUrl\":\"https:\\\/\\\/i0.wp.com\\\/informacyde.com\\\/blog\\\/wp-content\\\/uploads\\\/2015\\\/11\\\/pray_for_paris1304341031.jpg?fit=560%2C292&ssl=1\",\"datePublished\":\"2015-11-15T10:56:06+00:00\",\"dateModified\":\"2016-08-01T17:27:57+00:00\",\"breadcrumb\":{\"@id\":\"https:\\\/\\\/informacyde.com\\\/blog\\\/actus\\\/attaques-du-13-novembre-2015\\\/#breadcrumb\"},\"inLanguage\":\"fr-FR\",\"potentialAction\":[{\"@type\":\"ReadAction\",\"target\":[\"https:\\\/\\\/informacyde.com\\\/blog\\\/actus\\\/attaques-du-13-novembre-2015\\\/\"]}]},{\"@type\":\"ImageObject\",\"inLanguage\":\"fr-FR\",\"@id\":\"https:\\\/\\\/informacyde.com\\\/blog\\\/actus\\\/attaques-du-13-novembre-2015\\\/#primaryimage\",\"url\":\"https:\\\/\\\/i0.wp.com\\\/informacyde.com\\\/blog\\\/wp-content\\\/uploads\\\/2015\\\/11\\\/pray_for_paris1304341031.jpg?fit=560%2C292&ssl=1\",\"contentUrl\":\"https:\\\/\\\/i0.wp.com\\\/informacyde.com\\\/blog\\\/wp-content\\\/uploads\\\/2015\\\/11\\\/pray_for_paris1304341031.jpg?fit=560%2C292&ssl=1\",\"width\":560,\"height\":292},{\"@type\":\"BreadcrumbList\",\"@id\":\"https:\\\/\\\/informacyde.com\\\/blog\\\/actus\\\/attaques-du-13-novembre-2015\\\/#breadcrumb\",\"itemListElement\":[{\"@type\":\"ListItem\",\"position\":1,\"name\":\"Accueil\",\"item\":\"https:\\\/\\\/informacyde.com\\\/blog\\\/\"},{\"@type\":\"ListItem\",\"position\":2,\"name\":\"Attaques du 13 novembre 2015\"}]},{\"@type\":\"WebSite\",\"@id\":\"https:\\\/\\\/informacyde.com\\\/blog\\\/#website\",\"url\":\"https:\\\/\\\/informacyde.com\\\/blog\\\/\",\"name\":\"Informacyde\",\"description\":\"High-Tech &amp; Co - Depuis 2004\",\"publisher\":{\"@id\":\"https:\\\/\\\/informacyde.com\\\/blog\\\/#\\\/schema\\\/person\\\/e7e6dfe56d697fdbf8cdc6ab587bd4a3\"},\"potentialAction\":[{\"@type\":\"SearchAction\",\"target\":{\"@type\":\"EntryPoint\",\"urlTemplate\":\"https:\\\/\\\/informacyde.com\\\/blog\\\/?s={search_term_string}\"},\"query-input\":{\"@type\":\"PropertyValueSpecification\",\"valueRequired\":true,\"valueName\":\"search_term_string\"}}],\"inLanguage\":\"fr-FR\"},{\"@type\":[\"Person\",\"Organization\"],\"@id\":\"https:\\\/\\\/informacyde.com\\\/blog\\\/#\\\/schema\\\/person\\\/e7e6dfe56d697fdbf8cdc6ab587bd4a3\",\"name\":\"Harold\",\"logo\":{\"@id\":\"https:\\\/\\\/informacyde.com\\\/blog\\\/#\\\/schema\\\/person\\\/image\\\/\"},\"sameAs\":[\"https:\\\/\\\/www.linkedin.com\\\/in\\\/harold-birene-6b35a2114\\\/\",\"https:\\\/\\\/x.com\\\/https:\\\/\\\/twitter.com\\\/informacyde\"],\"url\":\"https:\\\/\\\/informacyde.com\\\/blog\"}]}<\/script>\n<!-- \/ Yoast SEO plugin. -->","yoast_head_json":{"title":"Attaques du 13 novembre 2015 - Informacyde","robots":{"index":"index","follow":"follow","max-snippet":"max-snippet:-1","max-image-preview":"max-image-preview:large","max-video-preview":"max-video-preview:-1"},"canonical":"https:\/\/informacyde.com\/blog\/actus\/attaques-du-13-novembre-2015\/","og_locale":"fr_FR","og_type":"article","og_title":"Attaques du 13 novembre 2015 - Informacyde","og_description":"Les choses se bousculent dans la t\u00eate dans chacun. Les \u00e9v\u00e9nements qui viennent de se d\u00e9rouler dans la capitale fran\u00e7aise sont abominables&#8230; Deux jours apr\u00e8s, il est encore difficile de&hellip;","og_url":"https:\/\/informacyde.com\/blog\/actus\/attaques-du-13-novembre-2015\/","og_site_name":"Informacyde","article_published_time":"2015-11-15T10:56:06+00:00","article_modified_time":"2016-08-01T17:27:57+00:00","og_image":[{"width":560,"height":292,"url":"https:\/\/i0.wp.com\/informacyde.com\/blog\/wp-content\/uploads\/2015\/11\/pray_for_paris1304341031.jpg?fit=560%2C292&ssl=1","type":"image\/jpeg"}],"author":"Harold","twitter_card":"summary_large_image","twitter_creator":"@https:\/\/twitter.com\/informacyde","twitter_site":"@informacyde","twitter_misc":{"\u00c9crit par":"Harold","Dur\u00e9e de lecture estim\u00e9e":"3 minutes"},"schema":{"@context":"https:\/\/schema.org","@graph":[{"@type":"Article","@id":"https:\/\/informacyde.com\/blog\/actus\/attaques-du-13-novembre-2015\/#article","isPartOf":{"@id":"https:\/\/informacyde.com\/blog\/actus\/attaques-du-13-novembre-2015\/"},"author":{"name":"Harold","@id":"https:\/\/informacyde.com\/blog\/#\/schema\/person\/e7e6dfe56d697fdbf8cdc6ab587bd4a3"},"headline":"Attaques du 13 novembre 2015","datePublished":"2015-11-15T10:56:06+00:00","dateModified":"2016-08-01T17:27:57+00:00","mainEntityOfPage":{"@id":"https:\/\/informacyde.com\/blog\/actus\/attaques-du-13-novembre-2015\/"},"wordCount":605,"commentCount":0,"publisher":{"@id":"https:\/\/informacyde.com\/blog\/#\/schema\/person\/e7e6dfe56d697fdbf8cdc6ab587bd4a3"},"image":{"@id":"https:\/\/informacyde.com\/blog\/actus\/attaques-du-13-novembre-2015\/#primaryimage"},"thumbnailUrl":"https:\/\/i0.wp.com\/informacyde.com\/blog\/wp-content\/uploads\/2015\/11\/pray_for_paris1304341031.jpg?fit=560%2C292&ssl=1","articleSection":["Actus"],"inLanguage":"fr-FR","potentialAction":[{"@type":"CommentAction","name":"Comment","target":["https:\/\/informacyde.com\/blog\/actus\/attaques-du-13-novembre-2015\/#respond"]}]},{"@type":"WebPage","@id":"https:\/\/informacyde.com\/blog\/actus\/attaques-du-13-novembre-2015\/","url":"https:\/\/informacyde.com\/blog\/actus\/attaques-du-13-novembre-2015\/","name":"Attaques du 13 novembre 2015 - Informacyde","isPartOf":{"@id":"https:\/\/informacyde.com\/blog\/#website"},"primaryImageOfPage":{"@id":"https:\/\/informacyde.com\/blog\/actus\/attaques-du-13-novembre-2015\/#primaryimage"},"image":{"@id":"https:\/\/informacyde.com\/blog\/actus\/attaques-du-13-novembre-2015\/#primaryimage"},"thumbnailUrl":"https:\/\/i0.wp.com\/informacyde.com\/blog\/wp-content\/uploads\/2015\/11\/pray_for_paris1304341031.jpg?fit=560%2C292&ssl=1","datePublished":"2015-11-15T10:56:06+00:00","dateModified":"2016-08-01T17:27:57+00:00","breadcrumb":{"@id":"https:\/\/informacyde.com\/blog\/actus\/attaques-du-13-novembre-2015\/#breadcrumb"},"inLanguage":"fr-FR","potentialAction":[{"@type":"ReadAction","target":["https:\/\/informacyde.com\/blog\/actus\/attaques-du-13-novembre-2015\/"]}]},{"@type":"ImageObject","inLanguage":"fr-FR","@id":"https:\/\/informacyde.com\/blog\/actus\/attaques-du-13-novembre-2015\/#primaryimage","url":"https:\/\/i0.wp.com\/informacyde.com\/blog\/wp-content\/uploads\/2015\/11\/pray_for_paris1304341031.jpg?fit=560%2C292&ssl=1","contentUrl":"https:\/\/i0.wp.com\/informacyde.com\/blog\/wp-content\/uploads\/2015\/11\/pray_for_paris1304341031.jpg?fit=560%2C292&ssl=1","width":560,"height":292},{"@type":"BreadcrumbList","@id":"https:\/\/informacyde.com\/blog\/actus\/attaques-du-13-novembre-2015\/#breadcrumb","itemListElement":[{"@type":"ListItem","position":1,"name":"Accueil","item":"https:\/\/informacyde.com\/blog\/"},{"@type":"ListItem","position":2,"name":"Attaques du 13 novembre 2015"}]},{"@type":"WebSite","@id":"https:\/\/informacyde.com\/blog\/#website","url":"https:\/\/informacyde.com\/blog\/","name":"Informacyde","description":"High-Tech &amp; Co - Depuis 2004","publisher":{"@id":"https:\/\/informacyde.com\/blog\/#\/schema\/person\/e7e6dfe56d697fdbf8cdc6ab587bd4a3"},"potentialAction":[{"@type":"SearchAction","target":{"@type":"EntryPoint","urlTemplate":"https:\/\/informacyde.com\/blog\/?s={search_term_string}"},"query-input":{"@type":"PropertyValueSpecification","valueRequired":true,"valueName":"search_term_string"}}],"inLanguage":"fr-FR"},{"@type":["Person","Organization"],"@id":"https:\/\/informacyde.com\/blog\/#\/schema\/person\/e7e6dfe56d697fdbf8cdc6ab587bd4a3","name":"Harold","logo":{"@id":"https:\/\/informacyde.com\/blog\/#\/schema\/person\/image\/"},"sameAs":["https:\/\/www.linkedin.com\/in\/harold-birene-6b35a2114\/","https:\/\/x.com\/https:\/\/twitter.com\/informacyde"],"url":"https:\/\/informacyde.com\/blog"}]}},"jetpack_featured_media_url":"https:\/\/i0.wp.com\/informacyde.com\/blog\/wp-content\/uploads\/2015\/11\/pray_for_paris1304341031.jpg?fit=560%2C292&ssl=1","jetpack_shortlink":"https:\/\/wp.me\/piIgU-2kt","jetpack_sharing_enabled":true,"_links":{"self":[{"href":"https:\/\/informacyde.com\/blog\/wp-json\/wp\/v2\/posts\/8957","targetHints":{"allow":["GET"]}}],"collection":[{"href":"https:\/\/informacyde.com\/blog\/wp-json\/wp\/v2\/posts"}],"about":[{"href":"https:\/\/informacyde.com\/blog\/wp-json\/wp\/v2\/types\/post"}],"author":[{"embeddable":true,"href":"https:\/\/informacyde.com\/blog\/wp-json\/wp\/v2\/users\/10"}],"replies":[{"embeddable":true,"href":"https:\/\/informacyde.com\/blog\/wp-json\/wp\/v2\/comments?post=8957"}],"version-history":[{"count":0,"href":"https:\/\/informacyde.com\/blog\/wp-json\/wp\/v2\/posts\/8957\/revisions"}],"wp:featuredmedia":[{"embeddable":true,"href":"https:\/\/informacyde.com\/blog\/wp-json\/wp\/v2\/media\/8962"}],"wp:attachment":[{"href":"https:\/\/informacyde.com\/blog\/wp-json\/wp\/v2\/media?parent=8957"}],"wp:term":[{"taxonomy":"category","embeddable":true,"href":"https:\/\/informacyde.com\/blog\/wp-json\/wp\/v2\/categories?post=8957"},{"taxonomy":"post_tag","embeddable":true,"href":"https:\/\/informacyde.com\/blog\/wp-json\/wp\/v2\/tags?post=8957"}],"curies":[{"name":"wp","href":"https:\/\/api.w.org\/{rel}","templated":true}]}}