{"id":8735,"date":"2014-11-23T11:54:43","date_gmt":"2014-11-23T10:54:43","guid":{"rendered":"http:\/\/informacyde.com\/blog\/?p=8735"},"modified":"2016-03-19T18:29:57","modified_gmt":"2016-03-19T17:29:57","slug":"ricky-jackson-libre-apres-39-ans-de-prison-par-erreur","status":"publish","type":"post","link":"https:\/\/informacyde.com\/blog\/actus\/ricky-jackson-libre-apres-39-ans-de-prison-par-erreur\/","title":{"rendered":"Ricky Jackson, libre apr\u00e8s 39 ans de prison&#8230;par erreur !"},"content":{"rendered":"<p><a href=\"https:\/\/i0.wp.com\/informacyde.com\/blog\/wp-content\/uploads\/2014\/11\/4311597_jackson.jpg\"><img data-recalc-dims=\"1\" decoding=\"async\" class=\"aligncenter wp-image-8737\" src=\"https:\/\/i0.wp.com\/informacyde.com\/blog\/wp-content\/uploads\/2014\/11\/4311597_jackson.jpg?resize=491%2C215\" alt=\"4311597_jackson\" width=\"491\" height=\"215\" \/><\/a><\/p>\n<p>Incroyable histoire, celle de Ricky Jackson, emprisonn\u00e9 depuis 1975 par erreur ! Rien que cette phrase fait froid dans le dos&#8230;<\/p>\n<p>Cette ann\u00e9e l\u00e0, un enfant de 12 ans est pouss\u00e9 par la police \u00e0 t\u00e9moigner contre cet homme, certainement pour boucler cette affaire rapidement&#8230; cela va enfermer un innocent pendant 39 ans et pratiquement le faire passer par la peine de mort (par chance \u00e7a ne s&rsquo;est pas produit).<\/p>\n<p>Aujourd&rsquo;hui, cet homme s&rsquo;est pr\u00e9sent\u00e9 au juge pour mettre un terme \u00e0 cette affaire&#8230;<\/p>\n<p>Je souhaite r\u00e9agir car, m\u00eame si R. Jackson dit ne pas en vouloir \u00e0 cet homme qui \u00e9tait, en 1975, un enfant, je n&rsquo;arrive pas \u00e0 comprendre pourquoi il a mis autant de temps \u00e0 faire lib\u00e9rer cet homme. Que s&rsquo;est-il r\u00e9ellement pass\u00e9 ?<\/p>\n<p>Hormis cela, tout le monde pense bien s\u00fbr \u00e0 la peine de mort et aux erreurs judiciaires qui, avec cette histoire, est une nouvelle fois remise en question. Des erreurs de proc\u00e9dure puis l&rsquo;abolition de la peine de mort dans l&rsquo;\u00e9tat de l&rsquo;Ohio (avant qu&rsquo;elle ne soit restitu\u00e9e) a permis \u00e0 cette homme de retrouver la libert\u00e9.<br \/>\nMais l\u00e0&#8230; on est tout de m\u00eame dans une histoire folle, celle d&rsquo;un homme qui est rest\u00e9 enferm\u00e9 39 ans pour rien. Ca fait \u00e9norm\u00e9ment r\u00e9fl\u00e9chir, \u00e7a peut arriver \u00e0 n&rsquo;importe qui alors. Et la vie d&rsquo;une personne est d\u00e9truite.<\/p>\n<p>Dans la presse, on lit \u00e9galement qu&rsquo;il est parti sans argent, sans v\u00eatement d&rsquo;hiver, de prison. Il n&rsquo;est pas non plus \u00e9crit qu&rsquo;il va de mani\u00e8re s\u00fbre et certaine se faire indemniser.<br \/>\nJ&rsquo;esp\u00e8re que c&rsquo;est une fois de plus la presse qui \u00e9crit des b\u00eatises car \u00e7a me fait hurler&#8230; une erreur comme \u00e7a, l&rsquo;\u00e9tait doit assurer \u00e0 100% et lui rendre (si c&rsquo;est possible&#8230;) un peu de dignit\u00e9 !<\/p>\n<p>Cette histoire m&rsquo;a marqu\u00e9 mais c&rsquo;est agr\u00e9able de voir un homme retrouver sa libert\u00e9 avec le sourire. Une histoire qui se termine bien, c&rsquo;est toujours agr\u00e9able.<\/p>\n<p><object id=\"flashObj\" width=\"480\" height=\"270\" classid=\"clsid:D27CDB6E-AE6D-11cf-96B8-444553540000\" codebase=\"http:\/\/download.macromedia.com\/pub\/shockwave\/cabs\/flash\/swflash.cab#version=9,0,47,0\"><param name=\"movie\" value=\"http:\/\/c.brightcove.com\/services\/viewer\/federated_f9?isVid=1&amp;isUI=1\" \/><param name=\"bgcolor\" value=\"#FFFFFF\" \/><param name=\"flashVars\" value=\"videoId=3903451111001&amp;playerID=2436822743001&amp;playerKey=AQ~~,AAAAQBxUNqE~,xKBGzTdiYSQO_AtyrK_TWDarhTlAxJpV&amp;domain=embed&amp;dynamicStreaming=true\" \/><param name=\"base\" value=\"http:\/\/admin.brightcove.com\" \/><param name=\"seamlesstabbing\" value=\"false\" \/><param name=\"allowFullScreen\" value=\"true\" \/><param name=\"swLiveConnect\" value=\"true\" \/><param name=\"allowScriptAccess\" value=\"always\" \/><\/object><\/p>\n","protected":false},"excerpt":{"rendered":"<p>Incroyable histoire, celle de Ricky Jackson, emprisonn\u00e9 depuis 1975 par erreur ! Rien que cette phrase fait froid dans le dos&#8230; Cette ann\u00e9e l\u00e0, un enfant de 12 ans est&hellip;<\/p>\n","protected":false},"author":10,"featured_media":0,"comment_status":"open","ping_status":"open","sticky":false,"template":"","format":"standard","meta":{"jetpack_post_was_ever_published":false,"_jetpack_newsletter_access":"","_jetpack_dont_email_post_to_subs":false,"_jetpack_newsletter_tier_id":0,"_jetpack_memberships_contains_paywalled_content":false,"_jetpack_memberships_contains_paid_content":false,"footnotes":""},"categories":[10,23],"tags":[464,537,828],"class_list":["post-8735","post","type-post","status-publish","format-standard","hentry","category-actus","category-coups-de-gueule","tag-erreur","tag-histoire","tag-justice"],"yoast_head":"<!-- This site is optimized with the Yoast SEO plugin v27.5 - https:\/\/yoast.com\/product\/yoast-seo-wordpress\/ -->\n<title>Ricky Jackson, libre apr\u00e8s 39 ans de prison...par erreur !<\/title>\n<meta name=\"description\" content=\"Ricky Jackson, libre apr\u00e8s 39 ans de prison...par erreur !\" \/>\n<meta name=\"robots\" content=\"index, follow, max-snippet:-1, max-image-preview:large, max-video-preview:-1\" \/>\n<link rel=\"canonical\" href=\"https:\/\/informacyde.com\/blog\/actus\/ricky-jackson-libre-apres-39-ans-de-prison-par-erreur\/\" \/>\n<meta property=\"og:locale\" content=\"fr_FR\" \/>\n<meta property=\"og:type\" content=\"article\" \/>\n<meta property=\"og:title\" content=\"Ricky Jackson, libre apr\u00e8s 39 ans de prison...par erreur !\" \/>\n<meta property=\"og:description\" content=\"Ricky Jackson, libre apr\u00e8s 39 ans de prison...par erreur !\" \/>\n<meta property=\"og:url\" content=\"https:\/\/informacyde.com\/blog\/actus\/ricky-jackson-libre-apres-39-ans-de-prison-par-erreur\/\" \/>\n<meta property=\"og:site_name\" content=\"Informacyde\" \/>\n<meta property=\"article:published_time\" content=\"2014-11-23T10:54:43+00:00\" \/>\n<meta property=\"article:modified_time\" content=\"2016-03-19T17:29:57+00:00\" \/>\n<meta property=\"og:image\" content=\"http:\/\/informacyde.com\/blog\/wp-content\/uploads\/2014\/11\/4311597_jackson.jpg\" \/>\n<meta name=\"author\" content=\"Harold\" \/>\n<meta name=\"twitter:card\" content=\"summary_large_image\" \/>\n<meta name=\"twitter:creator\" content=\"@https:\/\/twitter.com\/informacyde\" \/>\n<meta name=\"twitter:site\" content=\"@informacyde\" \/>\n<meta name=\"twitter:label1\" content=\"\u00c9crit par\" \/>\n\t<meta name=\"twitter:data1\" content=\"Harold\" \/>\n\t<meta name=\"twitter:label2\" content=\"Dur\u00e9e de lecture estim\u00e9e\" \/>\n\t<meta name=\"twitter:data2\" content=\"2 minutes\" \/>\n<script type=\"application\/ld+json\" class=\"yoast-schema-graph\">{\"@context\":\"https:\\\/\\\/schema.org\",\"@graph\":[{\"@type\":\"Article\",\"@id\":\"https:\\\/\\\/informacyde.com\\\/blog\\\/actus\\\/ricky-jackson-libre-apres-39-ans-de-prison-par-erreur\\\/#article\",\"isPartOf\":{\"@id\":\"https:\\\/\\\/informacyde.com\\\/blog\\\/actus\\\/ricky-jackson-libre-apres-39-ans-de-prison-par-erreur\\\/\"},\"author\":{\"name\":\"Harold\",\"@id\":\"https:\\\/\\\/informacyde.com\\\/blog\\\/#\\\/schema\\\/person\\\/e7e6dfe56d697fdbf8cdc6ab587bd4a3\"},\"headline\":\"Ricky Jackson, libre apr\u00e8s 39 ans de prison&#8230;par erreur !\",\"datePublished\":\"2014-11-23T10:54:43+00:00\",\"dateModified\":\"2016-03-19T17:29:57+00:00\",\"mainEntityOfPage\":{\"@id\":\"https:\\\/\\\/informacyde.com\\\/blog\\\/actus\\\/ricky-jackson-libre-apres-39-ans-de-prison-par-erreur\\\/\"},\"wordCount\":358,\"commentCount\":2,\"publisher\":{\"@id\":\"https:\\\/\\\/informacyde.com\\\/blog\\\/#\\\/schema\\\/person\\\/e7e6dfe56d697fdbf8cdc6ab587bd4a3\"},\"image\":{\"@id\":\"https:\\\/\\\/informacyde.com\\\/blog\\\/actus\\\/ricky-jackson-libre-apres-39-ans-de-prison-par-erreur\\\/#primaryimage\"},\"thumbnailUrl\":\"http:\\\/\\\/informacyde.com\\\/blog\\\/wp-content\\\/uploads\\\/2014\\\/11\\\/4311597_jackson.jpg\",\"keywords\":[\"erreur\",\"histoire\",\"justice\"],\"articleSection\":[\"Actus\",\"Coups de gueule\"],\"inLanguage\":\"fr-FR\",\"potentialAction\":[{\"@type\":\"CommentAction\",\"name\":\"Comment\",\"target\":[\"https:\\\/\\\/informacyde.com\\\/blog\\\/actus\\\/ricky-jackson-libre-apres-39-ans-de-prison-par-erreur\\\/#respond\"]}]},{\"@type\":\"WebPage\",\"@id\":\"https:\\\/\\\/informacyde.com\\\/blog\\\/actus\\\/ricky-jackson-libre-apres-39-ans-de-prison-par-erreur\\\/\",\"url\":\"https:\\\/\\\/informacyde.com\\\/blog\\\/actus\\\/ricky-jackson-libre-apres-39-ans-de-prison-par-erreur\\\/\",\"name\":\"Ricky Jackson, libre apr\u00e8s 39 ans de prison...par erreur !\",\"isPartOf\":{\"@id\":\"https:\\\/\\\/informacyde.com\\\/blog\\\/#website\"},\"primaryImageOfPage\":{\"@id\":\"https:\\\/\\\/informacyde.com\\\/blog\\\/actus\\\/ricky-jackson-libre-apres-39-ans-de-prison-par-erreur\\\/#primaryimage\"},\"image\":{\"@id\":\"https:\\\/\\\/informacyde.com\\\/blog\\\/actus\\\/ricky-jackson-libre-apres-39-ans-de-prison-par-erreur\\\/#primaryimage\"},\"thumbnailUrl\":\"http:\\\/\\\/informacyde.com\\\/blog\\\/wp-content\\\/uploads\\\/2014\\\/11\\\/4311597_jackson.jpg\",\"datePublished\":\"2014-11-23T10:54:43+00:00\",\"dateModified\":\"2016-03-19T17:29:57+00:00\",\"description\":\"Ricky Jackson, libre apr\u00e8s 39 ans de prison...par erreur !\",\"breadcrumb\":{\"@id\":\"https:\\\/\\\/informacyde.com\\\/blog\\\/actus\\\/ricky-jackson-libre-apres-39-ans-de-prison-par-erreur\\\/#breadcrumb\"},\"inLanguage\":\"fr-FR\",\"potentialAction\":[{\"@type\":\"ReadAction\",\"target\":[\"https:\\\/\\\/informacyde.com\\\/blog\\\/actus\\\/ricky-jackson-libre-apres-39-ans-de-prison-par-erreur\\\/\"]}]},{\"@type\":\"ImageObject\",\"inLanguage\":\"fr-FR\",\"@id\":\"https:\\\/\\\/informacyde.com\\\/blog\\\/actus\\\/ricky-jackson-libre-apres-39-ans-de-prison-par-erreur\\\/#primaryimage\",\"url\":\"http:\\\/\\\/informacyde.com\\\/blog\\\/wp-content\\\/uploads\\\/2014\\\/11\\\/4311597_jackson.jpg\",\"contentUrl\":\"http:\\\/\\\/informacyde.com\\\/blog\\\/wp-content\\\/uploads\\\/2014\\\/11\\\/4311597_jackson.jpg\"},{\"@type\":\"BreadcrumbList\",\"@id\":\"https:\\\/\\\/informacyde.com\\\/blog\\\/actus\\\/ricky-jackson-libre-apres-39-ans-de-prison-par-erreur\\\/#breadcrumb\",\"itemListElement\":[{\"@type\":\"ListItem\",\"position\":1,\"name\":\"Accueil\",\"item\":\"https:\\\/\\\/informacyde.com\\\/blog\\\/\"},{\"@type\":\"ListItem\",\"position\":2,\"name\":\"Ricky Jackson, libre apr\u00e8s 39 ans de prison&#8230;par erreur !\"}]},{\"@type\":\"WebSite\",\"@id\":\"https:\\\/\\\/informacyde.com\\\/blog\\\/#website\",\"url\":\"https:\\\/\\\/informacyde.com\\\/blog\\\/\",\"name\":\"Informacyde\",\"description\":\"High-Tech &amp; Co - Depuis 2004\",\"publisher\":{\"@id\":\"https:\\\/\\\/informacyde.com\\\/blog\\\/#\\\/schema\\\/person\\\/e7e6dfe56d697fdbf8cdc6ab587bd4a3\"},\"potentialAction\":[{\"@type\":\"SearchAction\",\"target\":{\"@type\":\"EntryPoint\",\"urlTemplate\":\"https:\\\/\\\/informacyde.com\\\/blog\\\/?s={search_term_string}\"},\"query-input\":{\"@type\":\"PropertyValueSpecification\",\"valueRequired\":true,\"valueName\":\"search_term_string\"}}],\"inLanguage\":\"fr-FR\"},{\"@type\":[\"Person\",\"Organization\"],\"@id\":\"https:\\\/\\\/informacyde.com\\\/blog\\\/#\\\/schema\\\/person\\\/e7e6dfe56d697fdbf8cdc6ab587bd4a3\",\"name\":\"Harold\",\"logo\":{\"@id\":\"https:\\\/\\\/informacyde.com\\\/blog\\\/#\\\/schema\\\/person\\\/image\\\/\"},\"sameAs\":[\"https:\\\/\\\/www.linkedin.com\\\/in\\\/harold-birene-6b35a2114\\\/\",\"https:\\\/\\\/x.com\\\/https:\\\/\\\/twitter.com\\\/informacyde\"],\"url\":\"https:\\\/\\\/informacyde.com\\\/blog\"}]}<\/script>\n<!-- \/ Yoast SEO plugin. -->","yoast_head_json":{"title":"Ricky Jackson, libre apr\u00e8s 39 ans de prison...par erreur !","description":"Ricky Jackson, libre apr\u00e8s 39 ans de prison...par erreur !","robots":{"index":"index","follow":"follow","max-snippet":"max-snippet:-1","max-image-preview":"max-image-preview:large","max-video-preview":"max-video-preview:-1"},"canonical":"https:\/\/informacyde.com\/blog\/actus\/ricky-jackson-libre-apres-39-ans-de-prison-par-erreur\/","og_locale":"fr_FR","og_type":"article","og_title":"Ricky Jackson, libre apr\u00e8s 39 ans de prison...par erreur !","og_description":"Ricky Jackson, libre apr\u00e8s 39 ans de prison...par erreur !","og_url":"https:\/\/informacyde.com\/blog\/actus\/ricky-jackson-libre-apres-39-ans-de-prison-par-erreur\/","og_site_name":"Informacyde","article_published_time":"2014-11-23T10:54:43+00:00","article_modified_time":"2016-03-19T17:29:57+00:00","og_image":[{"url":"http:\/\/informacyde.com\/blog\/wp-content\/uploads\/2014\/11\/4311597_jackson.jpg","type":"","width":"","height":""}],"author":"Harold","twitter_card":"summary_large_image","twitter_creator":"@https:\/\/twitter.com\/informacyde","twitter_site":"@informacyde","twitter_misc":{"\u00c9crit par":"Harold","Dur\u00e9e de lecture estim\u00e9e":"2 minutes"},"schema":{"@context":"https:\/\/schema.org","@graph":[{"@type":"Article","@id":"https:\/\/informacyde.com\/blog\/actus\/ricky-jackson-libre-apres-39-ans-de-prison-par-erreur\/#article","isPartOf":{"@id":"https:\/\/informacyde.com\/blog\/actus\/ricky-jackson-libre-apres-39-ans-de-prison-par-erreur\/"},"author":{"name":"Harold","@id":"https:\/\/informacyde.com\/blog\/#\/schema\/person\/e7e6dfe56d697fdbf8cdc6ab587bd4a3"},"headline":"Ricky Jackson, libre apr\u00e8s 39 ans de prison&#8230;par erreur !","datePublished":"2014-11-23T10:54:43+00:00","dateModified":"2016-03-19T17:29:57+00:00","mainEntityOfPage":{"@id":"https:\/\/informacyde.com\/blog\/actus\/ricky-jackson-libre-apres-39-ans-de-prison-par-erreur\/"},"wordCount":358,"commentCount":2,"publisher":{"@id":"https:\/\/informacyde.com\/blog\/#\/schema\/person\/e7e6dfe56d697fdbf8cdc6ab587bd4a3"},"image":{"@id":"https:\/\/informacyde.com\/blog\/actus\/ricky-jackson-libre-apres-39-ans-de-prison-par-erreur\/#primaryimage"},"thumbnailUrl":"http:\/\/informacyde.com\/blog\/wp-content\/uploads\/2014\/11\/4311597_jackson.jpg","keywords":["erreur","histoire","justice"],"articleSection":["Actus","Coups de gueule"],"inLanguage":"fr-FR","potentialAction":[{"@type":"CommentAction","name":"Comment","target":["https:\/\/informacyde.com\/blog\/actus\/ricky-jackson-libre-apres-39-ans-de-prison-par-erreur\/#respond"]}]},{"@type":"WebPage","@id":"https:\/\/informacyde.com\/blog\/actus\/ricky-jackson-libre-apres-39-ans-de-prison-par-erreur\/","url":"https:\/\/informacyde.com\/blog\/actus\/ricky-jackson-libre-apres-39-ans-de-prison-par-erreur\/","name":"Ricky Jackson, libre apr\u00e8s 39 ans de prison...par erreur !","isPartOf":{"@id":"https:\/\/informacyde.com\/blog\/#website"},"primaryImageOfPage":{"@id":"https:\/\/informacyde.com\/blog\/actus\/ricky-jackson-libre-apres-39-ans-de-prison-par-erreur\/#primaryimage"},"image":{"@id":"https:\/\/informacyde.com\/blog\/actus\/ricky-jackson-libre-apres-39-ans-de-prison-par-erreur\/#primaryimage"},"thumbnailUrl":"http:\/\/informacyde.com\/blog\/wp-content\/uploads\/2014\/11\/4311597_jackson.jpg","datePublished":"2014-11-23T10:54:43+00:00","dateModified":"2016-03-19T17:29:57+00:00","description":"Ricky Jackson, libre apr\u00e8s 39 ans de prison...par erreur !","breadcrumb":{"@id":"https:\/\/informacyde.com\/blog\/actus\/ricky-jackson-libre-apres-39-ans-de-prison-par-erreur\/#breadcrumb"},"inLanguage":"fr-FR","potentialAction":[{"@type":"ReadAction","target":["https:\/\/informacyde.com\/blog\/actus\/ricky-jackson-libre-apres-39-ans-de-prison-par-erreur\/"]}]},{"@type":"ImageObject","inLanguage":"fr-FR","@id":"https:\/\/informacyde.com\/blog\/actus\/ricky-jackson-libre-apres-39-ans-de-prison-par-erreur\/#primaryimage","url":"http:\/\/informacyde.com\/blog\/wp-content\/uploads\/2014\/11\/4311597_jackson.jpg","contentUrl":"http:\/\/informacyde.com\/blog\/wp-content\/uploads\/2014\/11\/4311597_jackson.jpg"},{"@type":"BreadcrumbList","@id":"https:\/\/informacyde.com\/blog\/actus\/ricky-jackson-libre-apres-39-ans-de-prison-par-erreur\/#breadcrumb","itemListElement":[{"@type":"ListItem","position":1,"name":"Accueil","item":"https:\/\/informacyde.com\/blog\/"},{"@type":"ListItem","position":2,"name":"Ricky Jackson, libre apr\u00e8s 39 ans de prison&#8230;par erreur !"}]},{"@type":"WebSite","@id":"https:\/\/informacyde.com\/blog\/#website","url":"https:\/\/informacyde.com\/blog\/","name":"Informacyde","description":"High-Tech &amp; Co - Depuis 2004","publisher":{"@id":"https:\/\/informacyde.com\/blog\/#\/schema\/person\/e7e6dfe56d697fdbf8cdc6ab587bd4a3"},"potentialAction":[{"@type":"SearchAction","target":{"@type":"EntryPoint","urlTemplate":"https:\/\/informacyde.com\/blog\/?s={search_term_string}"},"query-input":{"@type":"PropertyValueSpecification","valueRequired":true,"valueName":"search_term_string"}}],"inLanguage":"fr-FR"},{"@type":["Person","Organization"],"@id":"https:\/\/informacyde.com\/blog\/#\/schema\/person\/e7e6dfe56d697fdbf8cdc6ab587bd4a3","name":"Harold","logo":{"@id":"https:\/\/informacyde.com\/blog\/#\/schema\/person\/image\/"},"sameAs":["https:\/\/www.linkedin.com\/in\/harold-birene-6b35a2114\/","https:\/\/x.com\/https:\/\/twitter.com\/informacyde"],"url":"https:\/\/informacyde.com\/blog"}]}},"jetpack_featured_media_url":"","jetpack_shortlink":"https:\/\/wp.me\/piIgU-2gT","jetpack_sharing_enabled":true,"_links":{"self":[{"href":"https:\/\/informacyde.com\/blog\/wp-json\/wp\/v2\/posts\/8735","targetHints":{"allow":["GET"]}}],"collection":[{"href":"https:\/\/informacyde.com\/blog\/wp-json\/wp\/v2\/posts"}],"about":[{"href":"https:\/\/informacyde.com\/blog\/wp-json\/wp\/v2\/types\/post"}],"author":[{"embeddable":true,"href":"https:\/\/informacyde.com\/blog\/wp-json\/wp\/v2\/users\/10"}],"replies":[{"embeddable":true,"href":"https:\/\/informacyde.com\/blog\/wp-json\/wp\/v2\/comments?post=8735"}],"version-history":[{"count":0,"href":"https:\/\/informacyde.com\/blog\/wp-json\/wp\/v2\/posts\/8735\/revisions"}],"wp:attachment":[{"href":"https:\/\/informacyde.com\/blog\/wp-json\/wp\/v2\/media?parent=8735"}],"wp:term":[{"taxonomy":"category","embeddable":true,"href":"https:\/\/informacyde.com\/blog\/wp-json\/wp\/v2\/categories?post=8735"},{"taxonomy":"post_tag","embeddable":true,"href":"https:\/\/informacyde.com\/blog\/wp-json\/wp\/v2\/tags?post=8735"}],"curies":[{"name":"wp","href":"https:\/\/api.w.org\/{rel}","templated":true}]}}