{"id":8557,"date":"2014-06-08T11:53:53","date_gmt":"2014-06-08T09:53:53","guid":{"rendered":"http:\/\/informacyde.com\/blog\/?p=8557"},"modified":"2014-06-08T11:53:53","modified_gmt":"2014-06-08T09:53:53","slug":"nouveau-debordement-antisemite-du-fn","status":"publish","type":"post","link":"https:\/\/informacyde.com\/blog\/actus\/nouveau-debordement-antisemite-du-fn\/","title":{"rendered":"Nouveau d\u00e9bordement antis\u00e9mite du FN"},"content":{"rendered":"<p><a href=\"https:\/\/i0.wp.com\/informacyde.com\/blog\/wp-content\/uploads\/2014\/06\/Jean-Marie-Le-Pen.jpg\"><img data-recalc-dims=\"1\" decoding=\"async\" class=\"aligncenter wp-image-8558 \" src=\"https:\/\/i0.wp.com\/informacyde.com\/blog\/wp-content\/uploads\/2014\/06\/Jean-Marie-Le-Pen.jpg?resize=573%2C382\" alt=\"Jean-Marie Le Pen, France's far-right National Front political party leader, speaks during the party's annual congress in Tours\" width=\"573\" height=\"382\" \/><\/a><\/p>\n<p>Ne nous y trompons pas, le FN c&rsquo;est le mal ! Malgr\u00e9 son nouveau visage qui cache la v\u00e9rit\u00e9 et les v\u00e9ritables pens\u00e9es de ce parti, les id\u00e9es sont toujours l\u00e0 et Jean-Marie Le Pen ne manque pas de\u00a0nous le rappeler !<\/p>\n<p>Si vous avez suivi les \u00e9lections municipales, vous savez que FN commence \u00e0 s&rsquo;installer de plus en plus en France. Apr\u00e8s les r\u00e9sultats, de nombreux artistes se sont rebell\u00e9s \u00e0 leur mani\u00e8re contre cette ascension. Je ne souhaite pas d\u00e9battre de leurs actes ou paroles, l\u00e0 n&rsquo;est pas le sujet.<br \/>\nEn r\u00e9action \u00e0 cela, principalement concernant Patrick Bruel qui, je le rappelle est de confession juive, Jean-Marie Le Pen (pr\u00e9sident d&rsquo;honneur &#8211; quel honneur&#8230;- du FN) a sugg\u00e9r\u00e9 de \u00ab\u00a0<em>faire une fourn\u00e9e<\/em>\u00a0\u00bb d&rsquo;artiste pour rappeler la Shoah. <strong>Quelle formulation plus antis\u00e9mite aurait-il pu utiliser pour nous rappeler sa haine des juifs ? Que pourrait vouloir dire cette phrase \u00e0 part cela ?\u00a0<\/strong><\/p>\n<p>Ces proches osent parler de nouveau <em>d\u00e9rapage<\/em>, de formulation <em>anodine<\/em> ou encore de <em>stupidit\u00e9<\/em>&#8230; M\u00eame si la b\u00eatise de cet homme n&rsquo;est plus \u00e0 prouver, comment peuvent-il dire cela et prendre les fran\u00e7ais pour des cons comme cela ?<\/p>\n<p>SOS Racisme \u00e0 port\u00e9 plainte mais la France enti\u00e8re qui devrait se rebeller mais surtout ouvrir les yeux sur ce parti qu&rsquo;elle es train de mettre autant en avant&#8230;<\/p>\n","protected":false},"excerpt":{"rendered":"<p>Ne nous y trompons pas, le FN c&rsquo;est le mal ! Malgr\u00e9 son nouveau visage qui cache la v\u00e9rit\u00e9 et les v\u00e9ritables pens\u00e9es de ce parti, les id\u00e9es sont toujours&hellip;<\/p>\n","protected":false},"author":10,"featured_media":0,"comment_status":"open","ping_status":"open","sticky":false,"template":"","format":"standard","meta":{"jetpack_post_was_ever_published":false,"_jetpack_newsletter_access":"","_jetpack_dont_email_post_to_subs":false,"_jetpack_newsletter_tier_id":0,"_jetpack_memberships_contains_paywalled_content":false,"_jetpack_memberships_contains_paid_content":false,"footnotes":""},"categories":[10,23],"tags":[1041,82,1256,1356,1357],"class_list":["post-8557","post","type-post","status-publish","format-standard","hentry","category-actus","category-coups-de-gueule","tag-antisemite","tag-derapage","tag-fn","tag-le-pen","tag-shoah"],"yoast_head":"<!-- This site is optimized with the Yoast SEO plugin v27.5 - https:\/\/yoast.com\/product\/yoast-seo-wordpress\/ -->\n<title>Nouveau d\u00e9bordement antis\u00e9mite du FN<\/title>\n<meta name=\"description\" content=\"Nouveau d\u00e9bordement antis\u00e9mite du FN\" \/>\n<meta name=\"robots\" content=\"index, follow, max-snippet:-1, max-image-preview:large, max-video-preview:-1\" \/>\n<link rel=\"canonical\" href=\"https:\/\/informacyde.com\/blog\/actus\/nouveau-debordement-antisemite-du-fn\/\" \/>\n<meta property=\"og:locale\" content=\"fr_FR\" \/>\n<meta property=\"og:type\" content=\"article\" \/>\n<meta property=\"og:title\" content=\"Nouveau d\u00e9bordement antis\u00e9mite du FN\" \/>\n<meta property=\"og:description\" content=\"Nouveau d\u00e9bordement antis\u00e9mite du FN\" \/>\n<meta property=\"og:url\" content=\"https:\/\/informacyde.com\/blog\/actus\/nouveau-debordement-antisemite-du-fn\/\" \/>\n<meta property=\"og:site_name\" content=\"Informacyde\" \/>\n<meta property=\"article:published_time\" content=\"2014-06-08T09:53:53+00:00\" \/>\n<meta property=\"og:image\" content=\"http:\/\/informacyde.com\/blog\/wp-content\/uploads\/2014\/06\/Jean-Marie-Le-Pen.jpg\" \/>\n<meta name=\"author\" content=\"Harold\" \/>\n<meta name=\"twitter:card\" content=\"summary_large_image\" \/>\n<meta name=\"twitter:creator\" content=\"@https:\/\/twitter.com\/informacyde\" \/>\n<meta name=\"twitter:site\" content=\"@informacyde\" \/>\n<meta name=\"twitter:label1\" content=\"\u00c9crit par\" \/>\n\t<meta name=\"twitter:data1\" content=\"Harold\" \/>\n\t<meta name=\"twitter:label2\" content=\"Dur\u00e9e de lecture estim\u00e9e\" \/>\n\t<meta name=\"twitter:data2\" content=\"1 minute\" \/>\n<script type=\"application\/ld+json\" class=\"yoast-schema-graph\">{\"@context\":\"https:\\\/\\\/schema.org\",\"@graph\":[{\"@type\":\"Article\",\"@id\":\"https:\\\/\\\/informacyde.com\\\/blog\\\/actus\\\/nouveau-debordement-antisemite-du-fn\\\/#article\",\"isPartOf\":{\"@id\":\"https:\\\/\\\/informacyde.com\\\/blog\\\/actus\\\/nouveau-debordement-antisemite-du-fn\\\/\"},\"author\":{\"name\":\"Harold\",\"@id\":\"https:\\\/\\\/informacyde.com\\\/blog\\\/#\\\/schema\\\/person\\\/e7e6dfe56d697fdbf8cdc6ab587bd4a3\"},\"headline\":\"Nouveau d\u00e9bordement antis\u00e9mite du FN\",\"datePublished\":\"2014-06-08T09:53:53+00:00\",\"mainEntityOfPage\":{\"@id\":\"https:\\\/\\\/informacyde.com\\\/blog\\\/actus\\\/nouveau-debordement-antisemite-du-fn\\\/\"},\"wordCount\":246,\"commentCount\":0,\"publisher\":{\"@id\":\"https:\\\/\\\/informacyde.com\\\/blog\\\/#\\\/schema\\\/person\\\/e7e6dfe56d697fdbf8cdc6ab587bd4a3\"},\"image\":{\"@id\":\"https:\\\/\\\/informacyde.com\\\/blog\\\/actus\\\/nouveau-debordement-antisemite-du-fn\\\/#primaryimage\"},\"thumbnailUrl\":\"http:\\\/\\\/informacyde.com\\\/blog\\\/wp-content\\\/uploads\\\/2014\\\/06\\\/Jean-Marie-Le-Pen.jpg\",\"keywords\":[\"antis\u00e9mite\",\"d\u00e9rapage\",\"fn\",\"le pen\",\"shoah\"],\"articleSection\":[\"Actus\",\"Coups de gueule\"],\"inLanguage\":\"fr-FR\",\"potentialAction\":[{\"@type\":\"CommentAction\",\"name\":\"Comment\",\"target\":[\"https:\\\/\\\/informacyde.com\\\/blog\\\/actus\\\/nouveau-debordement-antisemite-du-fn\\\/#respond\"]}]},{\"@type\":\"WebPage\",\"@id\":\"https:\\\/\\\/informacyde.com\\\/blog\\\/actus\\\/nouveau-debordement-antisemite-du-fn\\\/\",\"url\":\"https:\\\/\\\/informacyde.com\\\/blog\\\/actus\\\/nouveau-debordement-antisemite-du-fn\\\/\",\"name\":\"Nouveau d\u00e9bordement antis\u00e9mite du FN\",\"isPartOf\":{\"@id\":\"https:\\\/\\\/informacyde.com\\\/blog\\\/#website\"},\"primaryImageOfPage\":{\"@id\":\"https:\\\/\\\/informacyde.com\\\/blog\\\/actus\\\/nouveau-debordement-antisemite-du-fn\\\/#primaryimage\"},\"image\":{\"@id\":\"https:\\\/\\\/informacyde.com\\\/blog\\\/actus\\\/nouveau-debordement-antisemite-du-fn\\\/#primaryimage\"},\"thumbnailUrl\":\"http:\\\/\\\/informacyde.com\\\/blog\\\/wp-content\\\/uploads\\\/2014\\\/06\\\/Jean-Marie-Le-Pen.jpg\",\"datePublished\":\"2014-06-08T09:53:53+00:00\",\"description\":\"Nouveau d\u00e9bordement antis\u00e9mite du FN\",\"breadcrumb\":{\"@id\":\"https:\\\/\\\/informacyde.com\\\/blog\\\/actus\\\/nouveau-debordement-antisemite-du-fn\\\/#breadcrumb\"},\"inLanguage\":\"fr-FR\",\"potentialAction\":[{\"@type\":\"ReadAction\",\"target\":[\"https:\\\/\\\/informacyde.com\\\/blog\\\/actus\\\/nouveau-debordement-antisemite-du-fn\\\/\"]}]},{\"@type\":\"ImageObject\",\"inLanguage\":\"fr-FR\",\"@id\":\"https:\\\/\\\/informacyde.com\\\/blog\\\/actus\\\/nouveau-debordement-antisemite-du-fn\\\/#primaryimage\",\"url\":\"http:\\\/\\\/informacyde.com\\\/blog\\\/wp-content\\\/uploads\\\/2014\\\/06\\\/Jean-Marie-Le-Pen.jpg\",\"contentUrl\":\"http:\\\/\\\/informacyde.com\\\/blog\\\/wp-content\\\/uploads\\\/2014\\\/06\\\/Jean-Marie-Le-Pen.jpg\"},{\"@type\":\"BreadcrumbList\",\"@id\":\"https:\\\/\\\/informacyde.com\\\/blog\\\/actus\\\/nouveau-debordement-antisemite-du-fn\\\/#breadcrumb\",\"itemListElement\":[{\"@type\":\"ListItem\",\"position\":1,\"name\":\"Accueil\",\"item\":\"https:\\\/\\\/informacyde.com\\\/blog\\\/\"},{\"@type\":\"ListItem\",\"position\":2,\"name\":\"Nouveau d\u00e9bordement antis\u00e9mite du FN\"}]},{\"@type\":\"WebSite\",\"@id\":\"https:\\\/\\\/informacyde.com\\\/blog\\\/#website\",\"url\":\"https:\\\/\\\/informacyde.com\\\/blog\\\/\",\"name\":\"Informacyde\",\"description\":\"High-Tech &amp; Co - Depuis 2004\",\"publisher\":{\"@id\":\"https:\\\/\\\/informacyde.com\\\/blog\\\/#\\\/schema\\\/person\\\/e7e6dfe56d697fdbf8cdc6ab587bd4a3\"},\"potentialAction\":[{\"@type\":\"SearchAction\",\"target\":{\"@type\":\"EntryPoint\",\"urlTemplate\":\"https:\\\/\\\/informacyde.com\\\/blog\\\/?s={search_term_string}\"},\"query-input\":{\"@type\":\"PropertyValueSpecification\",\"valueRequired\":true,\"valueName\":\"search_term_string\"}}],\"inLanguage\":\"fr-FR\"},{\"@type\":[\"Person\",\"Organization\"],\"@id\":\"https:\\\/\\\/informacyde.com\\\/blog\\\/#\\\/schema\\\/person\\\/e7e6dfe56d697fdbf8cdc6ab587bd4a3\",\"name\":\"Harold\",\"logo\":{\"@id\":\"https:\\\/\\\/informacyde.com\\\/blog\\\/#\\\/schema\\\/person\\\/image\\\/\"},\"sameAs\":[\"https:\\\/\\\/www.linkedin.com\\\/in\\\/harold-birene-6b35a2114\\\/\",\"https:\\\/\\\/x.com\\\/https:\\\/\\\/twitter.com\\\/informacyde\"],\"url\":\"https:\\\/\\\/informacyde.com\\\/blog\"}]}<\/script>\n<!-- \/ Yoast SEO plugin. -->","yoast_head_json":{"title":"Nouveau d\u00e9bordement antis\u00e9mite du FN","description":"Nouveau d\u00e9bordement antis\u00e9mite du FN","robots":{"index":"index","follow":"follow","max-snippet":"max-snippet:-1","max-image-preview":"max-image-preview:large","max-video-preview":"max-video-preview:-1"},"canonical":"https:\/\/informacyde.com\/blog\/actus\/nouveau-debordement-antisemite-du-fn\/","og_locale":"fr_FR","og_type":"article","og_title":"Nouveau d\u00e9bordement antis\u00e9mite du FN","og_description":"Nouveau d\u00e9bordement antis\u00e9mite du FN","og_url":"https:\/\/informacyde.com\/blog\/actus\/nouveau-debordement-antisemite-du-fn\/","og_site_name":"Informacyde","article_published_time":"2014-06-08T09:53:53+00:00","og_image":[{"url":"http:\/\/informacyde.com\/blog\/wp-content\/uploads\/2014\/06\/Jean-Marie-Le-Pen.jpg","type":"","width":"","height":""}],"author":"Harold","twitter_card":"summary_large_image","twitter_creator":"@https:\/\/twitter.com\/informacyde","twitter_site":"@informacyde","twitter_misc":{"\u00c9crit par":"Harold","Dur\u00e9e de lecture estim\u00e9e":"1 minute"},"schema":{"@context":"https:\/\/schema.org","@graph":[{"@type":"Article","@id":"https:\/\/informacyde.com\/blog\/actus\/nouveau-debordement-antisemite-du-fn\/#article","isPartOf":{"@id":"https:\/\/informacyde.com\/blog\/actus\/nouveau-debordement-antisemite-du-fn\/"},"author":{"name":"Harold","@id":"https:\/\/informacyde.com\/blog\/#\/schema\/person\/e7e6dfe56d697fdbf8cdc6ab587bd4a3"},"headline":"Nouveau d\u00e9bordement antis\u00e9mite du FN","datePublished":"2014-06-08T09:53:53+00:00","mainEntityOfPage":{"@id":"https:\/\/informacyde.com\/blog\/actus\/nouveau-debordement-antisemite-du-fn\/"},"wordCount":246,"commentCount":0,"publisher":{"@id":"https:\/\/informacyde.com\/blog\/#\/schema\/person\/e7e6dfe56d697fdbf8cdc6ab587bd4a3"},"image":{"@id":"https:\/\/informacyde.com\/blog\/actus\/nouveau-debordement-antisemite-du-fn\/#primaryimage"},"thumbnailUrl":"http:\/\/informacyde.com\/blog\/wp-content\/uploads\/2014\/06\/Jean-Marie-Le-Pen.jpg","keywords":["antis\u00e9mite","d\u00e9rapage","fn","le pen","shoah"],"articleSection":["Actus","Coups de gueule"],"inLanguage":"fr-FR","potentialAction":[{"@type":"CommentAction","name":"Comment","target":["https:\/\/informacyde.com\/blog\/actus\/nouveau-debordement-antisemite-du-fn\/#respond"]}]},{"@type":"WebPage","@id":"https:\/\/informacyde.com\/blog\/actus\/nouveau-debordement-antisemite-du-fn\/","url":"https:\/\/informacyde.com\/blog\/actus\/nouveau-debordement-antisemite-du-fn\/","name":"Nouveau d\u00e9bordement antis\u00e9mite du FN","isPartOf":{"@id":"https:\/\/informacyde.com\/blog\/#website"},"primaryImageOfPage":{"@id":"https:\/\/informacyde.com\/blog\/actus\/nouveau-debordement-antisemite-du-fn\/#primaryimage"},"image":{"@id":"https:\/\/informacyde.com\/blog\/actus\/nouveau-debordement-antisemite-du-fn\/#primaryimage"},"thumbnailUrl":"http:\/\/informacyde.com\/blog\/wp-content\/uploads\/2014\/06\/Jean-Marie-Le-Pen.jpg","datePublished":"2014-06-08T09:53:53+00:00","description":"Nouveau d\u00e9bordement antis\u00e9mite du FN","breadcrumb":{"@id":"https:\/\/informacyde.com\/blog\/actus\/nouveau-debordement-antisemite-du-fn\/#breadcrumb"},"inLanguage":"fr-FR","potentialAction":[{"@type":"ReadAction","target":["https:\/\/informacyde.com\/blog\/actus\/nouveau-debordement-antisemite-du-fn\/"]}]},{"@type":"ImageObject","inLanguage":"fr-FR","@id":"https:\/\/informacyde.com\/blog\/actus\/nouveau-debordement-antisemite-du-fn\/#primaryimage","url":"http:\/\/informacyde.com\/blog\/wp-content\/uploads\/2014\/06\/Jean-Marie-Le-Pen.jpg","contentUrl":"http:\/\/informacyde.com\/blog\/wp-content\/uploads\/2014\/06\/Jean-Marie-Le-Pen.jpg"},{"@type":"BreadcrumbList","@id":"https:\/\/informacyde.com\/blog\/actus\/nouveau-debordement-antisemite-du-fn\/#breadcrumb","itemListElement":[{"@type":"ListItem","position":1,"name":"Accueil","item":"https:\/\/informacyde.com\/blog\/"},{"@type":"ListItem","position":2,"name":"Nouveau d\u00e9bordement antis\u00e9mite du FN"}]},{"@type":"WebSite","@id":"https:\/\/informacyde.com\/blog\/#website","url":"https:\/\/informacyde.com\/blog\/","name":"Informacyde","description":"High-Tech &amp; Co - Depuis 2004","publisher":{"@id":"https:\/\/informacyde.com\/blog\/#\/schema\/person\/e7e6dfe56d697fdbf8cdc6ab587bd4a3"},"potentialAction":[{"@type":"SearchAction","target":{"@type":"EntryPoint","urlTemplate":"https:\/\/informacyde.com\/blog\/?s={search_term_string}"},"query-input":{"@type":"PropertyValueSpecification","valueRequired":true,"valueName":"search_term_string"}}],"inLanguage":"fr-FR"},{"@type":["Person","Organization"],"@id":"https:\/\/informacyde.com\/blog\/#\/schema\/person\/e7e6dfe56d697fdbf8cdc6ab587bd4a3","name":"Harold","logo":{"@id":"https:\/\/informacyde.com\/blog\/#\/schema\/person\/image\/"},"sameAs":["https:\/\/www.linkedin.com\/in\/harold-birene-6b35a2114\/","https:\/\/x.com\/https:\/\/twitter.com\/informacyde"],"url":"https:\/\/informacyde.com\/blog"}]}},"jetpack_featured_media_url":"","jetpack_shortlink":"https:\/\/wp.me\/piIgU-2e1","jetpack_sharing_enabled":true,"_links":{"self":[{"href":"https:\/\/informacyde.com\/blog\/wp-json\/wp\/v2\/posts\/8557","targetHints":{"allow":["GET"]}}],"collection":[{"href":"https:\/\/informacyde.com\/blog\/wp-json\/wp\/v2\/posts"}],"about":[{"href":"https:\/\/informacyde.com\/blog\/wp-json\/wp\/v2\/types\/post"}],"author":[{"embeddable":true,"href":"https:\/\/informacyde.com\/blog\/wp-json\/wp\/v2\/users\/10"}],"replies":[{"embeddable":true,"href":"https:\/\/informacyde.com\/blog\/wp-json\/wp\/v2\/comments?post=8557"}],"version-history":[{"count":0,"href":"https:\/\/informacyde.com\/blog\/wp-json\/wp\/v2\/posts\/8557\/revisions"}],"wp:attachment":[{"href":"https:\/\/informacyde.com\/blog\/wp-json\/wp\/v2\/media?parent=8557"}],"wp:term":[{"taxonomy":"category","embeddable":true,"href":"https:\/\/informacyde.com\/blog\/wp-json\/wp\/v2\/categories?post=8557"},{"taxonomy":"post_tag","embeddable":true,"href":"https:\/\/informacyde.com\/blog\/wp-json\/wp\/v2\/tags?post=8557"}],"curies":[{"name":"wp","href":"https:\/\/api.w.org\/{rel}","templated":true}]}}