{"id":4679,"date":"2009-03-18T11:05:29","date_gmt":"2009-03-18T10:05:29","guid":{"rendered":"http:\/\/informacyde.com\/blog\/?p=4679"},"modified":"2009-03-18T11:05:58","modified_gmt":"2009-03-18T10:05:58","slug":"mise-a-jour-du-nokia-e71","status":"publish","type":"post","link":"https:\/\/informacyde.com\/blog\/technologie\/mise-a-jour-du-nokia-e71\/","title":{"rendered":"Mise \u00e0 jour du Nokia E71"},"content":{"rendered":"<p style=\"text-align: center;\"><a class=\"highslide\" onclick=\"return vz.expand(this)\" href=\"https:\/\/i0.wp.com\/informacyde.com\/blog\/wp-content\/uploads\/2009\/03\/nokia-e71.jpg\"><img data-recalc-dims=\"1\" decoding=\"async\" class=\"aligncenter size-full wp-image-4680\" title=\"nokia-e71\" src=\"https:\/\/i0.wp.com\/informacyde.com\/blog\/wp-content\/uploads\/2009\/03\/nokia-e71.jpg?resize=158%2C190\" alt=\"nokia-e71\" width=\"158\" height=\"190\" \/><\/a><\/p>\n<p>Nokia offre aux heureux possesseurs du Nokia E71 un service apr\u00e8s vente digne de ce nom. Depuis quelques jours, une nouvelle version est disponible pour notre machine : <strong>v210.21.006<br \/>\n<\/strong>Des corrections de bugs pour am\u00e9liorer les performances de la machine. Peut-\u00eatre plus d\u2019autonomie, je ne sais pas encore, je l\u2019ai install\u00e9 seulement hier soir.<\/p>\n<p>Pour faire la mise \u00e0 jour, il faut passer Nokia Software Updater comme toujours et en 15 minutes, c\u2019est boucl\u00e9. Pensez bien \u00e0 enlever les codes de verrouillage de votre t\u00e9l\u00e9phone avant de proc\u00e9der \u00e0 la mise \u00e0 jour (SIM et verrouillage du t\u00e9l\u00e9phone), de le mettre en mode g\u00e9n\u00e9ral, et de v\u00e9rifier que votre carte m\u00e9moire n\u2019est pas crypt\u00e9e ou prot\u00e9g\u00e9e par mot de passe. Mais le plus important, avant de proc\u00e9der \u00e0 cette mise \u00e0 jour, c\u2019est de faire une sauvegarde compl\u00e8te du t\u00e9l\u00e9phone, pour le retrouver comme vous l\u2019aviez laiss\u00e9. Ca marche parfaitement bien.<\/p>\n","protected":false},"excerpt":{"rendered":"<p>Nokia offre aux heureux possesseurs du Nokia E71 un service apr\u00e8s vente digne de ce nom. Depuis quelques jours, une nouvelle version est disponible pour notre machine : v210.21.006 Des&hellip;<\/p>\n","protected":false},"author":10,"featured_media":0,"comment_status":"open","ping_status":"open","sticky":false,"template":"","format":"standard","meta":{"jetpack_post_was_ever_published":false,"_jetpack_newsletter_access":"","_jetpack_dont_email_post_to_subs":false,"_jetpack_newsletter_tier_id":0,"_jetpack_memberships_contains_paywalled_content":false,"_jetpack_memberships_contains_paid_content":false,"footnotes":""},"categories":[7],"tags":[266,267,304,119],"class_list":["post-4679","post","type-post","status-publish","format-standard","hentry","category-technologie","tag-e71","tag-nokia","tag-portable","tag-telephone"],"yoast_head":"<!-- This site is optimized with the Yoast SEO plugin v27.5 - https:\/\/yoast.com\/product\/yoast-seo-wordpress\/ -->\n<title>Mise \u00e0 jour du Nokia E71 - Informacyde<\/title>\n<meta name=\"robots\" content=\"index, follow, max-snippet:-1, max-image-preview:large, max-video-preview:-1\" \/>\n<link rel=\"canonical\" href=\"https:\/\/informacyde.com\/blog\/technologie\/mise-a-jour-du-nokia-e71\/\" \/>\n<meta property=\"og:locale\" content=\"fr_FR\" \/>\n<meta property=\"og:type\" content=\"article\" \/>\n<meta property=\"og:title\" content=\"Mise \u00e0 jour du Nokia E71 - Informacyde\" \/>\n<meta property=\"og:description\" content=\"Nokia offre aux heureux possesseurs du Nokia E71 un service apr\u00e8s vente digne de ce nom. Depuis quelques jours, une nouvelle version est disponible pour notre machine : v210.21.006 Des&hellip;\" \/>\n<meta property=\"og:url\" content=\"https:\/\/informacyde.com\/blog\/technologie\/mise-a-jour-du-nokia-e71\/\" \/>\n<meta property=\"og:site_name\" content=\"Informacyde\" \/>\n<meta property=\"article:published_time\" content=\"2009-03-18T10:05:29+00:00\" \/>\n<meta property=\"article:modified_time\" content=\"2009-03-18T10:05:58+00:00\" \/>\n<meta property=\"og:image\" content=\"http:\/\/informacyde.com\/blog\/wp-content\/uploads\/2009\/03\/nokia-e71.jpg\" \/>\n<meta name=\"author\" content=\"Harold\" \/>\n<meta name=\"twitter:card\" content=\"summary_large_image\" \/>\n<meta name=\"twitter:creator\" content=\"@https:\/\/twitter.com\/informacyde\" \/>\n<meta name=\"twitter:site\" content=\"@informacyde\" \/>\n<meta name=\"twitter:label1\" content=\"\u00c9crit par\" \/>\n\t<meta name=\"twitter:data1\" content=\"Harold\" \/>\n\t<meta name=\"twitter:label2\" content=\"Dur\u00e9e de lecture estim\u00e9e\" \/>\n\t<meta name=\"twitter:data2\" content=\"1 minute\" \/>\n<script type=\"application\/ld+json\" class=\"yoast-schema-graph\">{\"@context\":\"https:\\\/\\\/schema.org\",\"@graph\":[{\"@type\":\"Article\",\"@id\":\"https:\\\/\\\/informacyde.com\\\/blog\\\/technologie\\\/mise-a-jour-du-nokia-e71\\\/#article\",\"isPartOf\":{\"@id\":\"https:\\\/\\\/informacyde.com\\\/blog\\\/technologie\\\/mise-a-jour-du-nokia-e71\\\/\"},\"author\":{\"name\":\"Harold\",\"@id\":\"https:\\\/\\\/informacyde.com\\\/blog\\\/#\\\/schema\\\/person\\\/e7e6dfe56d697fdbf8cdc6ab587bd4a3\"},\"headline\":\"Mise \u00e0 jour du Nokia E71\",\"datePublished\":\"2009-03-18T10:05:29+00:00\",\"dateModified\":\"2009-03-18T10:05:58+00:00\",\"mainEntityOfPage\":{\"@id\":\"https:\\\/\\\/informacyde.com\\\/blog\\\/technologie\\\/mise-a-jour-du-nokia-e71\\\/\"},\"wordCount\":173,\"commentCount\":0,\"publisher\":{\"@id\":\"https:\\\/\\\/informacyde.com\\\/blog\\\/#\\\/schema\\\/person\\\/e7e6dfe56d697fdbf8cdc6ab587bd4a3\"},\"image\":{\"@id\":\"https:\\\/\\\/informacyde.com\\\/blog\\\/technologie\\\/mise-a-jour-du-nokia-e71\\\/#primaryimage\"},\"thumbnailUrl\":\"http:\\\/\\\/informacyde.com\\\/blog\\\/wp-content\\\/uploads\\\/2009\\\/03\\\/nokia-e71.jpg\",\"keywords\":[\"E71\",\"nokia\",\"portable\",\"t\u00e9l\u00e9phone\"],\"articleSection\":[\"High-Tech\"],\"inLanguage\":\"fr-FR\",\"potentialAction\":[{\"@type\":\"CommentAction\",\"name\":\"Comment\",\"target\":[\"https:\\\/\\\/informacyde.com\\\/blog\\\/technologie\\\/mise-a-jour-du-nokia-e71\\\/#respond\"]}]},{\"@type\":\"WebPage\",\"@id\":\"https:\\\/\\\/informacyde.com\\\/blog\\\/technologie\\\/mise-a-jour-du-nokia-e71\\\/\",\"url\":\"https:\\\/\\\/informacyde.com\\\/blog\\\/technologie\\\/mise-a-jour-du-nokia-e71\\\/\",\"name\":\"Mise \u00e0 jour du Nokia E71 - Informacyde\",\"isPartOf\":{\"@id\":\"https:\\\/\\\/informacyde.com\\\/blog\\\/#website\"},\"primaryImageOfPage\":{\"@id\":\"https:\\\/\\\/informacyde.com\\\/blog\\\/technologie\\\/mise-a-jour-du-nokia-e71\\\/#primaryimage\"},\"image\":{\"@id\":\"https:\\\/\\\/informacyde.com\\\/blog\\\/technologie\\\/mise-a-jour-du-nokia-e71\\\/#primaryimage\"},\"thumbnailUrl\":\"http:\\\/\\\/informacyde.com\\\/blog\\\/wp-content\\\/uploads\\\/2009\\\/03\\\/nokia-e71.jpg\",\"datePublished\":\"2009-03-18T10:05:29+00:00\",\"dateModified\":\"2009-03-18T10:05:58+00:00\",\"breadcrumb\":{\"@id\":\"https:\\\/\\\/informacyde.com\\\/blog\\\/technologie\\\/mise-a-jour-du-nokia-e71\\\/#breadcrumb\"},\"inLanguage\":\"fr-FR\",\"potentialAction\":[{\"@type\":\"ReadAction\",\"target\":[\"https:\\\/\\\/informacyde.com\\\/blog\\\/technologie\\\/mise-a-jour-du-nokia-e71\\\/\"]}]},{\"@type\":\"ImageObject\",\"inLanguage\":\"fr-FR\",\"@id\":\"https:\\\/\\\/informacyde.com\\\/blog\\\/technologie\\\/mise-a-jour-du-nokia-e71\\\/#primaryimage\",\"url\":\"http:\\\/\\\/informacyde.com\\\/blog\\\/wp-content\\\/uploads\\\/2009\\\/03\\\/nokia-e71.jpg\",\"contentUrl\":\"http:\\\/\\\/informacyde.com\\\/blog\\\/wp-content\\\/uploads\\\/2009\\\/03\\\/nokia-e71.jpg\"},{\"@type\":\"BreadcrumbList\",\"@id\":\"https:\\\/\\\/informacyde.com\\\/blog\\\/technologie\\\/mise-a-jour-du-nokia-e71\\\/#breadcrumb\",\"itemListElement\":[{\"@type\":\"ListItem\",\"position\":1,\"name\":\"Accueil\",\"item\":\"https:\\\/\\\/informacyde.com\\\/blog\\\/\"},{\"@type\":\"ListItem\",\"position\":2,\"name\":\"Mise \u00e0 jour du Nokia E71\"}]},{\"@type\":\"WebSite\",\"@id\":\"https:\\\/\\\/informacyde.com\\\/blog\\\/#website\",\"url\":\"https:\\\/\\\/informacyde.com\\\/blog\\\/\",\"name\":\"Informacyde\",\"description\":\"High-Tech &amp; Co - Depuis 2004\",\"publisher\":{\"@id\":\"https:\\\/\\\/informacyde.com\\\/blog\\\/#\\\/schema\\\/person\\\/e7e6dfe56d697fdbf8cdc6ab587bd4a3\"},\"potentialAction\":[{\"@type\":\"SearchAction\",\"target\":{\"@type\":\"EntryPoint\",\"urlTemplate\":\"https:\\\/\\\/informacyde.com\\\/blog\\\/?s={search_term_string}\"},\"query-input\":{\"@type\":\"PropertyValueSpecification\",\"valueRequired\":true,\"valueName\":\"search_term_string\"}}],\"inLanguage\":\"fr-FR\"},{\"@type\":[\"Person\",\"Organization\"],\"@id\":\"https:\\\/\\\/informacyde.com\\\/blog\\\/#\\\/schema\\\/person\\\/e7e6dfe56d697fdbf8cdc6ab587bd4a3\",\"name\":\"Harold\",\"logo\":{\"@id\":\"https:\\\/\\\/informacyde.com\\\/blog\\\/#\\\/schema\\\/person\\\/image\\\/\"},\"sameAs\":[\"https:\\\/\\\/www.linkedin.com\\\/in\\\/harold-birene-6b35a2114\\\/\",\"https:\\\/\\\/x.com\\\/https:\\\/\\\/twitter.com\\\/informacyde\"],\"url\":\"https:\\\/\\\/informacyde.com\\\/blog\"}]}<\/script>\n<!-- \/ Yoast SEO plugin. -->","yoast_head_json":{"title":"Mise \u00e0 jour du Nokia E71 - Informacyde","robots":{"index":"index","follow":"follow","max-snippet":"max-snippet:-1","max-image-preview":"max-image-preview:large","max-video-preview":"max-video-preview:-1"},"canonical":"https:\/\/informacyde.com\/blog\/technologie\/mise-a-jour-du-nokia-e71\/","og_locale":"fr_FR","og_type":"article","og_title":"Mise \u00e0 jour du Nokia E71 - Informacyde","og_description":"Nokia offre aux heureux possesseurs du Nokia E71 un service apr\u00e8s vente digne de ce nom. Depuis quelques jours, une nouvelle version est disponible pour notre machine : v210.21.006 Des&hellip;","og_url":"https:\/\/informacyde.com\/blog\/technologie\/mise-a-jour-du-nokia-e71\/","og_site_name":"Informacyde","article_published_time":"2009-03-18T10:05:29+00:00","article_modified_time":"2009-03-18T10:05:58+00:00","og_image":[{"url":"http:\/\/informacyde.com\/blog\/wp-content\/uploads\/2009\/03\/nokia-e71.jpg","type":"","width":"","height":""}],"author":"Harold","twitter_card":"summary_large_image","twitter_creator":"@https:\/\/twitter.com\/informacyde","twitter_site":"@informacyde","twitter_misc":{"\u00c9crit par":"Harold","Dur\u00e9e de lecture estim\u00e9e":"1 minute"},"schema":{"@context":"https:\/\/schema.org","@graph":[{"@type":"Article","@id":"https:\/\/informacyde.com\/blog\/technologie\/mise-a-jour-du-nokia-e71\/#article","isPartOf":{"@id":"https:\/\/informacyde.com\/blog\/technologie\/mise-a-jour-du-nokia-e71\/"},"author":{"name":"Harold","@id":"https:\/\/informacyde.com\/blog\/#\/schema\/person\/e7e6dfe56d697fdbf8cdc6ab587bd4a3"},"headline":"Mise \u00e0 jour du Nokia E71","datePublished":"2009-03-18T10:05:29+00:00","dateModified":"2009-03-18T10:05:58+00:00","mainEntityOfPage":{"@id":"https:\/\/informacyde.com\/blog\/technologie\/mise-a-jour-du-nokia-e71\/"},"wordCount":173,"commentCount":0,"publisher":{"@id":"https:\/\/informacyde.com\/blog\/#\/schema\/person\/e7e6dfe56d697fdbf8cdc6ab587bd4a3"},"image":{"@id":"https:\/\/informacyde.com\/blog\/technologie\/mise-a-jour-du-nokia-e71\/#primaryimage"},"thumbnailUrl":"http:\/\/informacyde.com\/blog\/wp-content\/uploads\/2009\/03\/nokia-e71.jpg","keywords":["E71","nokia","portable","t\u00e9l\u00e9phone"],"articleSection":["High-Tech"],"inLanguage":"fr-FR","potentialAction":[{"@type":"CommentAction","name":"Comment","target":["https:\/\/informacyde.com\/blog\/technologie\/mise-a-jour-du-nokia-e71\/#respond"]}]},{"@type":"WebPage","@id":"https:\/\/informacyde.com\/blog\/technologie\/mise-a-jour-du-nokia-e71\/","url":"https:\/\/informacyde.com\/blog\/technologie\/mise-a-jour-du-nokia-e71\/","name":"Mise \u00e0 jour du Nokia E71 - Informacyde","isPartOf":{"@id":"https:\/\/informacyde.com\/blog\/#website"},"primaryImageOfPage":{"@id":"https:\/\/informacyde.com\/blog\/technologie\/mise-a-jour-du-nokia-e71\/#primaryimage"},"image":{"@id":"https:\/\/informacyde.com\/blog\/technologie\/mise-a-jour-du-nokia-e71\/#primaryimage"},"thumbnailUrl":"http:\/\/informacyde.com\/blog\/wp-content\/uploads\/2009\/03\/nokia-e71.jpg","datePublished":"2009-03-18T10:05:29+00:00","dateModified":"2009-03-18T10:05:58+00:00","breadcrumb":{"@id":"https:\/\/informacyde.com\/blog\/technologie\/mise-a-jour-du-nokia-e71\/#breadcrumb"},"inLanguage":"fr-FR","potentialAction":[{"@type":"ReadAction","target":["https:\/\/informacyde.com\/blog\/technologie\/mise-a-jour-du-nokia-e71\/"]}]},{"@type":"ImageObject","inLanguage":"fr-FR","@id":"https:\/\/informacyde.com\/blog\/technologie\/mise-a-jour-du-nokia-e71\/#primaryimage","url":"http:\/\/informacyde.com\/blog\/wp-content\/uploads\/2009\/03\/nokia-e71.jpg","contentUrl":"http:\/\/informacyde.com\/blog\/wp-content\/uploads\/2009\/03\/nokia-e71.jpg"},{"@type":"BreadcrumbList","@id":"https:\/\/informacyde.com\/blog\/technologie\/mise-a-jour-du-nokia-e71\/#breadcrumb","itemListElement":[{"@type":"ListItem","position":1,"name":"Accueil","item":"https:\/\/informacyde.com\/blog\/"},{"@type":"ListItem","position":2,"name":"Mise \u00e0 jour du Nokia E71"}]},{"@type":"WebSite","@id":"https:\/\/informacyde.com\/blog\/#website","url":"https:\/\/informacyde.com\/blog\/","name":"Informacyde","description":"High-Tech &amp; Co - Depuis 2004","publisher":{"@id":"https:\/\/informacyde.com\/blog\/#\/schema\/person\/e7e6dfe56d697fdbf8cdc6ab587bd4a3"},"potentialAction":[{"@type":"SearchAction","target":{"@type":"EntryPoint","urlTemplate":"https:\/\/informacyde.com\/blog\/?s={search_term_string}"},"query-input":{"@type":"PropertyValueSpecification","valueRequired":true,"valueName":"search_term_string"}}],"inLanguage":"fr-FR"},{"@type":["Person","Organization"],"@id":"https:\/\/informacyde.com\/blog\/#\/schema\/person\/e7e6dfe56d697fdbf8cdc6ab587bd4a3","name":"Harold","logo":{"@id":"https:\/\/informacyde.com\/blog\/#\/schema\/person\/image\/"},"sameAs":["https:\/\/www.linkedin.com\/in\/harold-birene-6b35a2114\/","https:\/\/x.com\/https:\/\/twitter.com\/informacyde"],"url":"https:\/\/informacyde.com\/blog"}]}},"jetpack_featured_media_url":"","jetpack_shortlink":"https:\/\/wp.me\/piIgU-1dt","jetpack_sharing_enabled":true,"_links":{"self":[{"href":"https:\/\/informacyde.com\/blog\/wp-json\/wp\/v2\/posts\/4679","targetHints":{"allow":["GET"]}}],"collection":[{"href":"https:\/\/informacyde.com\/blog\/wp-json\/wp\/v2\/posts"}],"about":[{"href":"https:\/\/informacyde.com\/blog\/wp-json\/wp\/v2\/types\/post"}],"author":[{"embeddable":true,"href":"https:\/\/informacyde.com\/blog\/wp-json\/wp\/v2\/users\/10"}],"replies":[{"embeddable":true,"href":"https:\/\/informacyde.com\/blog\/wp-json\/wp\/v2\/comments?post=4679"}],"version-history":[{"count":0,"href":"https:\/\/informacyde.com\/blog\/wp-json\/wp\/v2\/posts\/4679\/revisions"}],"wp:attachment":[{"href":"https:\/\/informacyde.com\/blog\/wp-json\/wp\/v2\/media?parent=4679"}],"wp:term":[{"taxonomy":"category","embeddable":true,"href":"https:\/\/informacyde.com\/blog\/wp-json\/wp\/v2\/categories?post=4679"},{"taxonomy":"post_tag","embeddable":true,"href":"https:\/\/informacyde.com\/blog\/wp-json\/wp\/v2\/tags?post=4679"}],"curies":[{"name":"wp","href":"https:\/\/api.w.org\/{rel}","templated":true}]}}