{"id":1240,"date":"2008-03-27T22:54:31","date_gmt":"2008-03-27T22:54:31","guid":{"rendered":"http:\/\/informacyde.com\/blog\/?p=1240"},"modified":"2008-08-09T11:43:30","modified_gmt":"2008-08-09T09:43:30","slug":"thierry-gilardi-est-mort","status":"publish","type":"post","link":"https:\/\/informacyde.com\/blog\/actus\/thierry-gilardi-est-mort\/","title":{"rendered":"Thierry Gilardi est mort"},"content":{"rendered":"<p><img decoding=\"async\" style=\"display:block; margin:0 auto;\" src=\"\/weblog\/images\/actus\/thierrygilardi.jpg\" alt=\"\" \/><\/p>\n<p>C&rsquo;est une crise cardiaque qui a emmen\u00e9 notre ami journaliste \u00e0 l&rsquo;\u00e2ge de 49 ans. J&rsquo;ai du eu mal \u00e0 m&rsquo;habituer \u00e0 lui apr\u00e8s Thierry Roland, mais maintenant \u00e7a va faire un manque. C&rsquo;est un homme sympathique, qui est parti trop t\u00f4t. Une grande pens\u00e9e pour lui et sa famille.<\/p>\n","protected":false},"excerpt":{"rendered":"<p>C&rsquo;est une crise cardiaque qui a emmen\u00e9 notre ami journaliste \u00e0 l&rsquo;\u00e2ge de 49 ans. J&rsquo;ai du eu mal \u00e0 m&rsquo;habituer \u00e0 lui apr\u00e8s Thierry Roland, mais maintenant \u00e7a va&hellip;<\/p>\n","protected":false},"author":10,"featured_media":0,"comment_status":"open","ping_status":"open","sticky":false,"template":"","format":"standard","meta":{"jetpack_post_was_ever_published":false,"_jetpack_newsletter_access":"","_jetpack_dont_email_post_to_subs":false,"_jetpack_newsletter_tier_id":0,"_jetpack_memberships_contains_paywalled_content":false,"_jetpack_memberships_contains_paid_content":false,"footnotes":""},"categories":[10],"tags":[64,63,65,66,62,67],"class_list":["post-1240","post","type-post","status-publish","format-standard","hentry","category-actus","tag-foot","tag-mort","tag-presentateur","tag-television","tag-thierry-gilardi","tag-tv"],"yoast_head":"<!-- This site is optimized with the Yoast SEO plugin v27.5 - https:\/\/yoast.com\/product\/yoast-seo-wordpress\/ -->\n<title>Thierry Gilardi est mort - Informacyde<\/title>\n<meta name=\"robots\" content=\"index, follow, max-snippet:-1, max-image-preview:large, max-video-preview:-1\" \/>\n<link rel=\"canonical\" href=\"https:\/\/informacyde.com\/blog\/actus\/thierry-gilardi-est-mort\/\" \/>\n<meta property=\"og:locale\" content=\"fr_FR\" \/>\n<meta property=\"og:type\" content=\"article\" \/>\n<meta property=\"og:title\" content=\"Thierry Gilardi est mort - Informacyde\" \/>\n<meta property=\"og:description\" content=\"C&rsquo;est une crise cardiaque qui a emmen\u00e9 notre ami journaliste \u00e0 l&rsquo;\u00e2ge de 49 ans. J&rsquo;ai du eu mal \u00e0 m&rsquo;habituer \u00e0 lui apr\u00e8s Thierry Roland, mais maintenant \u00e7a va&hellip;\" \/>\n<meta property=\"og:url\" content=\"https:\/\/informacyde.com\/blog\/actus\/thierry-gilardi-est-mort\/\" \/>\n<meta property=\"og:site_name\" content=\"Informacyde\" \/>\n<meta property=\"article:published_time\" content=\"2008-03-27T22:54:31+00:00\" \/>\n<meta property=\"article:modified_time\" content=\"2008-08-09T09:43:30+00:00\" \/>\n<meta name=\"author\" content=\"Harold\" \/>\n<meta name=\"twitter:card\" content=\"summary_large_image\" \/>\n<meta name=\"twitter:creator\" content=\"@https:\/\/twitter.com\/informacyde\" \/>\n<meta name=\"twitter:site\" content=\"@informacyde\" \/>\n<meta name=\"twitter:label1\" content=\"\u00c9crit par\" \/>\n\t<meta name=\"twitter:data1\" content=\"Harold\" \/>\n<script type=\"application\/ld+json\" class=\"yoast-schema-graph\">{\"@context\":\"https:\\\/\\\/schema.org\",\"@graph\":[{\"@type\":\"Article\",\"@id\":\"https:\\\/\\\/informacyde.com\\\/blog\\\/actus\\\/thierry-gilardi-est-mort\\\/#article\",\"isPartOf\":{\"@id\":\"https:\\\/\\\/informacyde.com\\\/blog\\\/actus\\\/thierry-gilardi-est-mort\\\/\"},\"author\":{\"name\":\"Harold\",\"@id\":\"https:\\\/\\\/informacyde.com\\\/blog\\\/#\\\/schema\\\/person\\\/e7e6dfe56d697fdbf8cdc6ab587bd4a3\"},\"headline\":\"Thierry Gilardi est mort\",\"datePublished\":\"2008-03-27T22:54:31+00:00\",\"dateModified\":\"2008-08-09T09:43:30+00:00\",\"mainEntityOfPage\":{\"@id\":\"https:\\\/\\\/informacyde.com\\\/blog\\\/actus\\\/thierry-gilardi-est-mort\\\/\"},\"wordCount\":58,\"commentCount\":0,\"publisher\":{\"@id\":\"https:\\\/\\\/informacyde.com\\\/blog\\\/#\\\/schema\\\/person\\\/e7e6dfe56d697fdbf8cdc6ab587bd4a3\"},\"keywords\":[\"foot\",\"mort\",\"pr\u00e9sentateur\",\"t\u00e9l\u00e9vision\",\"thierry gilardi\",\"tv\"],\"articleSection\":[\"Actus\"],\"inLanguage\":\"fr-FR\",\"potentialAction\":[{\"@type\":\"CommentAction\",\"name\":\"Comment\",\"target\":[\"https:\\\/\\\/informacyde.com\\\/blog\\\/actus\\\/thierry-gilardi-est-mort\\\/#respond\"]}]},{\"@type\":\"WebPage\",\"@id\":\"https:\\\/\\\/informacyde.com\\\/blog\\\/actus\\\/thierry-gilardi-est-mort\\\/\",\"url\":\"https:\\\/\\\/informacyde.com\\\/blog\\\/actus\\\/thierry-gilardi-est-mort\\\/\",\"name\":\"Thierry Gilardi est mort - Informacyde\",\"isPartOf\":{\"@id\":\"https:\\\/\\\/informacyde.com\\\/blog\\\/#website\"},\"datePublished\":\"2008-03-27T22:54:31+00:00\",\"dateModified\":\"2008-08-09T09:43:30+00:00\",\"breadcrumb\":{\"@id\":\"https:\\\/\\\/informacyde.com\\\/blog\\\/actus\\\/thierry-gilardi-est-mort\\\/#breadcrumb\"},\"inLanguage\":\"fr-FR\",\"potentialAction\":[{\"@type\":\"ReadAction\",\"target\":[\"https:\\\/\\\/informacyde.com\\\/blog\\\/actus\\\/thierry-gilardi-est-mort\\\/\"]}]},{\"@type\":\"BreadcrumbList\",\"@id\":\"https:\\\/\\\/informacyde.com\\\/blog\\\/actus\\\/thierry-gilardi-est-mort\\\/#breadcrumb\",\"itemListElement\":[{\"@type\":\"ListItem\",\"position\":1,\"name\":\"Accueil\",\"item\":\"https:\\\/\\\/informacyde.com\\\/blog\\\/\"},{\"@type\":\"ListItem\",\"position\":2,\"name\":\"Thierry Gilardi est mort\"}]},{\"@type\":\"WebSite\",\"@id\":\"https:\\\/\\\/informacyde.com\\\/blog\\\/#website\",\"url\":\"https:\\\/\\\/informacyde.com\\\/blog\\\/\",\"name\":\"Informacyde\",\"description\":\"High-Tech &amp; Co - Depuis 2004\",\"publisher\":{\"@id\":\"https:\\\/\\\/informacyde.com\\\/blog\\\/#\\\/schema\\\/person\\\/e7e6dfe56d697fdbf8cdc6ab587bd4a3\"},\"potentialAction\":[{\"@type\":\"SearchAction\",\"target\":{\"@type\":\"EntryPoint\",\"urlTemplate\":\"https:\\\/\\\/informacyde.com\\\/blog\\\/?s={search_term_string}\"},\"query-input\":{\"@type\":\"PropertyValueSpecification\",\"valueRequired\":true,\"valueName\":\"search_term_string\"}}],\"inLanguage\":\"fr-FR\"},{\"@type\":[\"Person\",\"Organization\"],\"@id\":\"https:\\\/\\\/informacyde.com\\\/blog\\\/#\\\/schema\\\/person\\\/e7e6dfe56d697fdbf8cdc6ab587bd4a3\",\"name\":\"Harold\",\"logo\":{\"@id\":\"https:\\\/\\\/informacyde.com\\\/blog\\\/#\\\/schema\\\/person\\\/image\\\/\"},\"sameAs\":[\"https:\\\/\\\/www.linkedin.com\\\/in\\\/harold-birene-6b35a2114\\\/\",\"https:\\\/\\\/x.com\\\/https:\\\/\\\/twitter.com\\\/informacyde\"],\"url\":\"https:\\\/\\\/informacyde.com\\\/blog\"}]}<\/script>\n<!-- \/ Yoast SEO plugin. -->","yoast_head_json":{"title":"Thierry Gilardi est mort - Informacyde","robots":{"index":"index","follow":"follow","max-snippet":"max-snippet:-1","max-image-preview":"max-image-preview:large","max-video-preview":"max-video-preview:-1"},"canonical":"https:\/\/informacyde.com\/blog\/actus\/thierry-gilardi-est-mort\/","og_locale":"fr_FR","og_type":"article","og_title":"Thierry Gilardi est mort - Informacyde","og_description":"C&rsquo;est une crise cardiaque qui a emmen\u00e9 notre ami journaliste \u00e0 l&rsquo;\u00e2ge de 49 ans. J&rsquo;ai du eu mal \u00e0 m&rsquo;habituer \u00e0 lui apr\u00e8s Thierry Roland, mais maintenant \u00e7a va&hellip;","og_url":"https:\/\/informacyde.com\/blog\/actus\/thierry-gilardi-est-mort\/","og_site_name":"Informacyde","article_published_time":"2008-03-27T22:54:31+00:00","article_modified_time":"2008-08-09T09:43:30+00:00","author":"Harold","twitter_card":"summary_large_image","twitter_creator":"@https:\/\/twitter.com\/informacyde","twitter_site":"@informacyde","twitter_misc":{"\u00c9crit par":"Harold"},"schema":{"@context":"https:\/\/schema.org","@graph":[{"@type":"Article","@id":"https:\/\/informacyde.com\/blog\/actus\/thierry-gilardi-est-mort\/#article","isPartOf":{"@id":"https:\/\/informacyde.com\/blog\/actus\/thierry-gilardi-est-mort\/"},"author":{"name":"Harold","@id":"https:\/\/informacyde.com\/blog\/#\/schema\/person\/e7e6dfe56d697fdbf8cdc6ab587bd4a3"},"headline":"Thierry Gilardi est mort","datePublished":"2008-03-27T22:54:31+00:00","dateModified":"2008-08-09T09:43:30+00:00","mainEntityOfPage":{"@id":"https:\/\/informacyde.com\/blog\/actus\/thierry-gilardi-est-mort\/"},"wordCount":58,"commentCount":0,"publisher":{"@id":"https:\/\/informacyde.com\/blog\/#\/schema\/person\/e7e6dfe56d697fdbf8cdc6ab587bd4a3"},"keywords":["foot","mort","pr\u00e9sentateur","t\u00e9l\u00e9vision","thierry gilardi","tv"],"articleSection":["Actus"],"inLanguage":"fr-FR","potentialAction":[{"@type":"CommentAction","name":"Comment","target":["https:\/\/informacyde.com\/blog\/actus\/thierry-gilardi-est-mort\/#respond"]}]},{"@type":"WebPage","@id":"https:\/\/informacyde.com\/blog\/actus\/thierry-gilardi-est-mort\/","url":"https:\/\/informacyde.com\/blog\/actus\/thierry-gilardi-est-mort\/","name":"Thierry Gilardi est mort - Informacyde","isPartOf":{"@id":"https:\/\/informacyde.com\/blog\/#website"},"datePublished":"2008-03-27T22:54:31+00:00","dateModified":"2008-08-09T09:43:30+00:00","breadcrumb":{"@id":"https:\/\/informacyde.com\/blog\/actus\/thierry-gilardi-est-mort\/#breadcrumb"},"inLanguage":"fr-FR","potentialAction":[{"@type":"ReadAction","target":["https:\/\/informacyde.com\/blog\/actus\/thierry-gilardi-est-mort\/"]}]},{"@type":"BreadcrumbList","@id":"https:\/\/informacyde.com\/blog\/actus\/thierry-gilardi-est-mort\/#breadcrumb","itemListElement":[{"@type":"ListItem","position":1,"name":"Accueil","item":"https:\/\/informacyde.com\/blog\/"},{"@type":"ListItem","position":2,"name":"Thierry Gilardi est mort"}]},{"@type":"WebSite","@id":"https:\/\/informacyde.com\/blog\/#website","url":"https:\/\/informacyde.com\/blog\/","name":"Informacyde","description":"High-Tech &amp; Co - Depuis 2004","publisher":{"@id":"https:\/\/informacyde.com\/blog\/#\/schema\/person\/e7e6dfe56d697fdbf8cdc6ab587bd4a3"},"potentialAction":[{"@type":"SearchAction","target":{"@type":"EntryPoint","urlTemplate":"https:\/\/informacyde.com\/blog\/?s={search_term_string}"},"query-input":{"@type":"PropertyValueSpecification","valueRequired":true,"valueName":"search_term_string"}}],"inLanguage":"fr-FR"},{"@type":["Person","Organization"],"@id":"https:\/\/informacyde.com\/blog\/#\/schema\/person\/e7e6dfe56d697fdbf8cdc6ab587bd4a3","name":"Harold","logo":{"@id":"https:\/\/informacyde.com\/blog\/#\/schema\/person\/image\/"},"sameAs":["https:\/\/www.linkedin.com\/in\/harold-birene-6b35a2114\/","https:\/\/x.com\/https:\/\/twitter.com\/informacyde"],"url":"https:\/\/informacyde.com\/blog"}]}},"jetpack_featured_media_url":"","jetpack_shortlink":"https:\/\/wp.me\/piIgU-k0","jetpack_sharing_enabled":true,"_links":{"self":[{"href":"https:\/\/informacyde.com\/blog\/wp-json\/wp\/v2\/posts\/1240","targetHints":{"allow":["GET"]}}],"collection":[{"href":"https:\/\/informacyde.com\/blog\/wp-json\/wp\/v2\/posts"}],"about":[{"href":"https:\/\/informacyde.com\/blog\/wp-json\/wp\/v2\/types\/post"}],"author":[{"embeddable":true,"href":"https:\/\/informacyde.com\/blog\/wp-json\/wp\/v2\/users\/10"}],"replies":[{"embeddable":true,"href":"https:\/\/informacyde.com\/blog\/wp-json\/wp\/v2\/comments?post=1240"}],"version-history":[{"count":0,"href":"https:\/\/informacyde.com\/blog\/wp-json\/wp\/v2\/posts\/1240\/revisions"}],"wp:attachment":[{"href":"https:\/\/informacyde.com\/blog\/wp-json\/wp\/v2\/media?parent=1240"}],"wp:term":[{"taxonomy":"category","embeddable":true,"href":"https:\/\/informacyde.com\/blog\/wp-json\/wp\/v2\/categories?post=1240"},{"taxonomy":"post_tag","embeddable":true,"href":"https:\/\/informacyde.com\/blog\/wp-json\/wp\/v2\/tags?post=1240"}],"curies":[{"name":"wp","href":"https:\/\/api.w.org\/{rel}","templated":true}]}}