{"id":10320,"date":"2025-12-28T08:49:06","date_gmt":"2025-12-28T07:49:06","guid":{"rendered":"https:\/\/www.informacyde.com\/blog\/?p=10320"},"modified":"2025-12-28T08:49:06","modified_gmt":"2025-12-28T07:49:06","slug":"pourquoi-jai-du-mal-avec-substack","status":"publish","type":"post","link":"https:\/\/informacyde.com\/blog\/au-quotidien\/pourquoi-jai-du-mal-avec-substack\/","title":{"rendered":"Pourquoi j&rsquo;ai du mal avec Substack"},"content":{"rendered":"<p><img data-recalc-dims=\"1\" decoding=\"async\" data-attachment-id=\"10322\" data-permalink=\"https:\/\/informacyde.com\/blog\/au-quotidien\/pourquoi-jai-du-mal-avec-substack\/attachment\/subtackvswordpress\/\" data-orig-file=\"https:\/\/i0.wp.com\/informacyde.com\/blog\/wp-content\/uploads\/2025\/12\/subtackvswordpress.png?fit=1536%2C1024&amp;ssl=1\" data-orig-size=\"1536,1024\" data-comments-opened=\"1\" data-image-meta=\"{&quot;aperture&quot;:&quot;0&quot;,&quot;credit&quot;:&quot;&quot;,&quot;camera&quot;:&quot;&quot;,&quot;caption&quot;:&quot;&quot;,&quot;created_timestamp&quot;:&quot;0&quot;,&quot;copyright&quot;:&quot;&quot;,&quot;focal_length&quot;:&quot;0&quot;,&quot;iso&quot;:&quot;0&quot;,&quot;shutter_speed&quot;:&quot;0&quot;,&quot;title&quot;:&quot;&quot;,&quot;orientation&quot;:&quot;0&quot;}\" data-image-title=\"subtackvswordpress\" data-image-description=\"\" data-image-caption=\"\" data-large-file=\"https:\/\/i0.wp.com\/informacyde.com\/blog\/wp-content\/uploads\/2025\/12\/subtackvswordpress.png?fit=1024%2C683&amp;ssl=1\" class=\"alignnone size-medium_large wp-image-10322\" src=\"https:\/\/i0.wp.com\/www.informacyde.com\/blog\/wp-content\/uploads\/2025\/12\/subtackvswordpress-768x512.png?resize=768%2C512&#038;ssl=1\" alt=\"\" width=\"768\" height=\"512\" srcset=\"https:\/\/i0.wp.com\/informacyde.com\/blog\/wp-content\/uploads\/2025\/12\/subtackvswordpress.png?resize=768%2C512&amp;ssl=1 768w, https:\/\/i0.wp.com\/informacyde.com\/blog\/wp-content\/uploads\/2025\/12\/subtackvswordpress.png?resize=300%2C200&amp;ssl=1 300w, https:\/\/i0.wp.com\/informacyde.com\/blog\/wp-content\/uploads\/2025\/12\/subtackvswordpress.png?resize=1024%2C683&amp;ssl=1 1024w, https:\/\/i0.wp.com\/informacyde.com\/blog\/wp-content\/uploads\/2025\/12\/subtackvswordpress.png?w=1536&amp;ssl=1 1536w\" sizes=\"(max-width: 768px) 100vw, 768px\" \/><\/p>\n<p><em>Ce post fait suite \u00e0 une publication d&rsquo;<a href=\"https:\/\/www.linkedin.com\/in\/eliott-meunier-atomic\/recent-activity\/all\/\" target=\"_blank\" rel=\"noopener\">Eliott Meunier<\/a> sur LinkedIn.<\/em><\/p>\n<p data-start=\"112\" data-end=\"207\">J\u2019ai cr\u00e9\u00e9 plusieurs newsletters sur Substack, parce que c\u2019est un peu <em data-start=\"181\" data-end=\"206\">la plateforme du moment<\/em>.<\/p>\n<p data-start=\"209\" data-end=\"296\">Le concept est sympa, les outils sont bien pens\u00e9s et la communaut\u00e9 ne cesse de grandir.<\/p>\n<p data-start=\"298\" data-end=\"430\">Nous sommes nombreux \u00e0 r\u00eaver de cr\u00e9er <strong data-start=\"336\" data-end=\"342\">LA<\/strong> newsletter qui attire du monde et qui finit par \u00eatre mon\u00e9tis\u00e9e. J\u2019y ai pens\u00e9 moi aussi.<\/p>\n<p data-start=\"432\" data-end=\"761\">J\u2019ai pris beaucoup de plaisir \u00e0 \u00e9crire l\u00e0-bas et \u00e0 construire une petite communaut\u00e9. Puis j\u2019ai fini par arr\u00eater.<br data-start=\"544\" data-end=\"547\" \/>Pas parce que la plateforme ne me plaisait pas, mais par manque d\u2019int\u00e9r\u00eat sur la dur\u00e9e, par l\u2019absence d\u2019obligation de r\u00e9gularit\u00e9, et aussi par le peu de retours sur mes \u00e9crits. Ce genre de raisons, tout simplement.<\/p>\n<p data-start=\"763\" data-end=\"860\">Aujourd\u2019hui, concr\u00e8tement, j\u2019ai encore deux newsletters actives\u2026 sur lesquelles je n\u2019\u00e9cris plus :<\/p>\n<ul data-start=\"862\" data-end=\"1162\">\n<li data-start=\"862\" data-end=\"991\">\n<p data-start=\"864\" data-end=\"991\"><a href=\"https:\/\/lesreflexionsnomades.substack.com\/\" target=\"_blank\" rel=\"noopener\"><strong data-start=\"864\" data-end=\"890\">Les R\u00e9flexions nomades<\/strong><\/a> : dans mon esprit, une sorte de prolongement de ce blog, pour y poser mes r\u00e9flexions du quotidien.<\/p>\n<\/li>\n<li data-start=\"992\" data-end=\"1162\">\n<p data-start=\"994\" data-end=\"1162\"><a href=\"https:\/\/optimeez.substack.com\/\" target=\"_blank\" rel=\"noopener\"><strong data-start=\"994\" data-end=\"1006\">Optimeez<\/strong><\/a> : une newsletter autour de deux sujets qui me passionnent, la productivit\u00e9 et l\u2019IA. Un peu plus de 200 abonn\u00e9s qui, je crois, appr\u00e9cient ce que je partage.<\/p>\n<\/li>\n<\/ul>\n<p data-start=\"1164\" data-end=\"1236\">Mais au fond, je ne crois pas m\u2019y \u00eatre jamais senti totalement chez moi.<\/p>\n<p data-start=\"1238\" data-end=\"1407\">Ce que j\u2019aime ici, c\u2019est \u00eatre pleinement dans mon univers, poursuivre ce que j\u2019ai commenc\u00e9 en 2004, pouvoir \u00e9crire <strong>ce que je veux<\/strong> et, surtout, <strong>au rythme qui me convient<\/strong>.<\/p>\n<p data-start=\"1409\" data-end=\"1587\">Bien s\u00fbr, la r\u00e9gularit\u00e9 est importante pour \u00eatre suivi, pour \u00eatre r\u00e9f\u00e9renc\u00e9. Et soyons honn\u00eates : si on \u00e9crit publiquement, c\u2019est aussi pour \u00eatre lu. Sinon, l\u2019int\u00e9r\u00eat est limit\u00e9.<\/p>\n<p data-start=\"1589\" data-end=\"1825\">J\u2019ai la pr\u00e9tention de penser que ce que j\u2019\u00e9cris peut forc\u00e9ment int\u00e9resser d\u2019autres personnes.<br data-start=\"1682\" data-end=\"1685\" \/>Oui, je passe d\u2019un sujet \u00e0 l\u2019autre, parfois sans fil apparent. Mais peu importe : c\u2019est moi. Chacun est libre de piocher ce qui l\u2019int\u00e9resse.<\/p>\n<p data-start=\"1827\" data-end=\"2073\">J\u2019aime aussi l\u2019id\u00e9e que les lecteurs ne soient pas oblig\u00e9s de recevoir un email \u00e0 chaque nouvel article. C\u2019est possible, bien s\u00fbr, en s\u2019abonnant (voir le menu de droite), mais aussi via le flux RSS, ou simplement en passant ici de temps en temps.<\/p>\n<p data-start=\"2075\" data-end=\"2349\">Bref, chacun est libre. Moi le premier.<br data-start=\"2115\" data-end=\"2118\" \/>Mais si vous passez par ici, je ne vais pas le cacher : un commentaire me ferait vraiment plaisir. Car au-del\u00e0 de garder une trace de ce qui jalonne ma vie, l\u2019objectif reste le m\u00eame depuis le d\u00e9but : discuter, \u00e9changer et partager.<\/p>\n","protected":false},"excerpt":{"rendered":"<p>Ce post fait suite \u00e0 une publication d&rsquo;Eliott Meunier sur LinkedIn. J\u2019ai cr\u00e9\u00e9 plusieurs newsletters sur Substack, parce que c\u2019est un peu la plateforme du moment. Le concept est sympa,&hellip;<\/p>\n","protected":false},"author":10,"featured_media":10322,"comment_status":"open","ping_status":"open","sticky":false,"template":"","format":"standard","meta":{"jetpack_post_was_ever_published":false,"_jetpack_newsletter_access":"","_jetpack_dont_email_post_to_subs":false,"_jetpack_newsletter_tier_id":0,"_jetpack_memberships_contains_paywalled_content":false,"_jetpack_memberships_contains_paid_content":false,"footnotes":""},"categories":[1465],"tags":[],"class_list":["post-10320","post","type-post","status-publish","format-standard","has-post-thumbnail","hentry","category-au-quotidien"],"yoast_head":"<!-- This site is optimized with the Yoast SEO plugin v27.5 - https:\/\/yoast.com\/product\/yoast-seo-wordpress\/ -->\n<title>Pourquoi j&#039;ai du mal avec Substack - Informacyde<\/title>\n<meta name=\"robots\" content=\"index, follow, max-snippet:-1, max-image-preview:large, max-video-preview:-1\" \/>\n<link rel=\"canonical\" href=\"https:\/\/informacyde.com\/blog\/au-quotidien\/pourquoi-jai-du-mal-avec-substack\/\" \/>\n<meta property=\"og:locale\" content=\"fr_FR\" \/>\n<meta property=\"og:type\" content=\"article\" \/>\n<meta property=\"og:title\" content=\"Pourquoi j&#039;ai du mal avec Substack - Informacyde\" \/>\n<meta property=\"og:description\" content=\"Ce post fait suite \u00e0 une publication d&rsquo;Eliott Meunier sur LinkedIn. J\u2019ai cr\u00e9\u00e9 plusieurs newsletters sur Substack, parce que c\u2019est un peu la plateforme du moment. Le concept est sympa,&hellip;\" \/>\n<meta property=\"og:url\" content=\"https:\/\/informacyde.com\/blog\/au-quotidien\/pourquoi-jai-du-mal-avec-substack\/\" \/>\n<meta property=\"og:site_name\" content=\"Informacyde\" \/>\n<meta property=\"article:published_time\" content=\"2025-12-28T07:49:06+00:00\" \/>\n<meta property=\"og:image\" content=\"https:\/\/informacyde.com\/blog\/wp-content\/uploads\/2025\/12\/subtackvswordpress-1024x683.png\" \/>\n\t<meta property=\"og:image:width\" content=\"1024\" \/>\n\t<meta property=\"og:image:height\" content=\"683\" \/>\n\t<meta property=\"og:image:type\" content=\"image\/png\" \/>\n<meta name=\"author\" content=\"Harold\" \/>\n<meta name=\"twitter:card\" content=\"summary_large_image\" \/>\n<meta name=\"twitter:creator\" content=\"@https:\/\/twitter.com\/informacyde\" \/>\n<meta name=\"twitter:site\" content=\"@informacyde\" \/>\n<meta name=\"twitter:label1\" content=\"\u00c9crit par\" \/>\n\t<meta name=\"twitter:data1\" content=\"Harold\" \/>\n\t<meta name=\"twitter:label2\" content=\"Dur\u00e9e de lecture estim\u00e9e\" \/>\n\t<meta name=\"twitter:data2\" content=\"3 minutes\" \/>\n<script type=\"application\/ld+json\" class=\"yoast-schema-graph\">{\"@context\":\"https:\\\/\\\/schema.org\",\"@graph\":[{\"@type\":\"Article\",\"@id\":\"https:\\\/\\\/informacyde.com\\\/blog\\\/au-quotidien\\\/pourquoi-jai-du-mal-avec-substack\\\/#article\",\"isPartOf\":{\"@id\":\"https:\\\/\\\/informacyde.com\\\/blog\\\/au-quotidien\\\/pourquoi-jai-du-mal-avec-substack\\\/\"},\"author\":{\"name\":\"Harold\",\"@id\":\"https:\\\/\\\/informacyde.com\\\/blog\\\/#\\\/schema\\\/person\\\/e7e6dfe56d697fdbf8cdc6ab587bd4a3\"},\"headline\":\"Pourquoi j&rsquo;ai du mal avec Substack\",\"datePublished\":\"2025-12-28T07:49:06+00:00\",\"mainEntityOfPage\":{\"@id\":\"https:\\\/\\\/informacyde.com\\\/blog\\\/au-quotidien\\\/pourquoi-jai-du-mal-avec-substack\\\/\"},\"wordCount\":446,\"commentCount\":0,\"publisher\":{\"@id\":\"https:\\\/\\\/informacyde.com\\\/blog\\\/#\\\/schema\\\/person\\\/e7e6dfe56d697fdbf8cdc6ab587bd4a3\"},\"image\":{\"@id\":\"https:\\\/\\\/informacyde.com\\\/blog\\\/au-quotidien\\\/pourquoi-jai-du-mal-avec-substack\\\/#primaryimage\"},\"thumbnailUrl\":\"https:\\\/\\\/i0.wp.com\\\/informacyde.com\\\/blog\\\/wp-content\\\/uploads\\\/2025\\\/12\\\/subtackvswordpress.png?fit=1536%2C1024&ssl=1\",\"articleSection\":[\"Au quotidien\"],\"inLanguage\":\"fr-FR\",\"potentialAction\":[{\"@type\":\"CommentAction\",\"name\":\"Comment\",\"target\":[\"https:\\\/\\\/informacyde.com\\\/blog\\\/au-quotidien\\\/pourquoi-jai-du-mal-avec-substack\\\/#respond\"]}]},{\"@type\":\"WebPage\",\"@id\":\"https:\\\/\\\/informacyde.com\\\/blog\\\/au-quotidien\\\/pourquoi-jai-du-mal-avec-substack\\\/\",\"url\":\"https:\\\/\\\/informacyde.com\\\/blog\\\/au-quotidien\\\/pourquoi-jai-du-mal-avec-substack\\\/\",\"name\":\"Pourquoi j'ai du mal avec Substack - Informacyde\",\"isPartOf\":{\"@id\":\"https:\\\/\\\/informacyde.com\\\/blog\\\/#website\"},\"primaryImageOfPage\":{\"@id\":\"https:\\\/\\\/informacyde.com\\\/blog\\\/au-quotidien\\\/pourquoi-jai-du-mal-avec-substack\\\/#primaryimage\"},\"image\":{\"@id\":\"https:\\\/\\\/informacyde.com\\\/blog\\\/au-quotidien\\\/pourquoi-jai-du-mal-avec-substack\\\/#primaryimage\"},\"thumbnailUrl\":\"https:\\\/\\\/i0.wp.com\\\/informacyde.com\\\/blog\\\/wp-content\\\/uploads\\\/2025\\\/12\\\/subtackvswordpress.png?fit=1536%2C1024&ssl=1\",\"datePublished\":\"2025-12-28T07:49:06+00:00\",\"breadcrumb\":{\"@id\":\"https:\\\/\\\/informacyde.com\\\/blog\\\/au-quotidien\\\/pourquoi-jai-du-mal-avec-substack\\\/#breadcrumb\"},\"inLanguage\":\"fr-FR\",\"potentialAction\":[{\"@type\":\"ReadAction\",\"target\":[\"https:\\\/\\\/informacyde.com\\\/blog\\\/au-quotidien\\\/pourquoi-jai-du-mal-avec-substack\\\/\"]}]},{\"@type\":\"ImageObject\",\"inLanguage\":\"fr-FR\",\"@id\":\"https:\\\/\\\/informacyde.com\\\/blog\\\/au-quotidien\\\/pourquoi-jai-du-mal-avec-substack\\\/#primaryimage\",\"url\":\"https:\\\/\\\/i0.wp.com\\\/informacyde.com\\\/blog\\\/wp-content\\\/uploads\\\/2025\\\/12\\\/subtackvswordpress.png?fit=1536%2C1024&ssl=1\",\"contentUrl\":\"https:\\\/\\\/i0.wp.com\\\/informacyde.com\\\/blog\\\/wp-content\\\/uploads\\\/2025\\\/12\\\/subtackvswordpress.png?fit=1536%2C1024&ssl=1\",\"width\":1536,\"height\":1024},{\"@type\":\"BreadcrumbList\",\"@id\":\"https:\\\/\\\/informacyde.com\\\/blog\\\/au-quotidien\\\/pourquoi-jai-du-mal-avec-substack\\\/#breadcrumb\",\"itemListElement\":[{\"@type\":\"ListItem\",\"position\":1,\"name\":\"Accueil\",\"item\":\"https:\\\/\\\/informacyde.com\\\/blog\\\/\"},{\"@type\":\"ListItem\",\"position\":2,\"name\":\"Pourquoi j&rsquo;ai du mal avec Substack\"}]},{\"@type\":\"WebSite\",\"@id\":\"https:\\\/\\\/informacyde.com\\\/blog\\\/#website\",\"url\":\"https:\\\/\\\/informacyde.com\\\/blog\\\/\",\"name\":\"Informacyde\",\"description\":\"High-Tech &amp; Co - Depuis 2004\",\"publisher\":{\"@id\":\"https:\\\/\\\/informacyde.com\\\/blog\\\/#\\\/schema\\\/person\\\/e7e6dfe56d697fdbf8cdc6ab587bd4a3\"},\"potentialAction\":[{\"@type\":\"SearchAction\",\"target\":{\"@type\":\"EntryPoint\",\"urlTemplate\":\"https:\\\/\\\/informacyde.com\\\/blog\\\/?s={search_term_string}\"},\"query-input\":{\"@type\":\"PropertyValueSpecification\",\"valueRequired\":true,\"valueName\":\"search_term_string\"}}],\"inLanguage\":\"fr-FR\"},{\"@type\":[\"Person\",\"Organization\"],\"@id\":\"https:\\\/\\\/informacyde.com\\\/blog\\\/#\\\/schema\\\/person\\\/e7e6dfe56d697fdbf8cdc6ab587bd4a3\",\"name\":\"Harold\",\"logo\":{\"@id\":\"https:\\\/\\\/informacyde.com\\\/blog\\\/#\\\/schema\\\/person\\\/image\\\/\"},\"sameAs\":[\"https:\\\/\\\/www.linkedin.com\\\/in\\\/harold-birene-6b35a2114\\\/\",\"https:\\\/\\\/x.com\\\/https:\\\/\\\/twitter.com\\\/informacyde\"],\"url\":\"https:\\\/\\\/informacyde.com\\\/blog\"}]}<\/script>\n<!-- \/ Yoast SEO plugin. -->","yoast_head_json":{"title":"Pourquoi j'ai du mal avec Substack - Informacyde","robots":{"index":"index","follow":"follow","max-snippet":"max-snippet:-1","max-image-preview":"max-image-preview:large","max-video-preview":"max-video-preview:-1"},"canonical":"https:\/\/informacyde.com\/blog\/au-quotidien\/pourquoi-jai-du-mal-avec-substack\/","og_locale":"fr_FR","og_type":"article","og_title":"Pourquoi j'ai du mal avec Substack - Informacyde","og_description":"Ce post fait suite \u00e0 une publication d&rsquo;Eliott Meunier sur LinkedIn. J\u2019ai cr\u00e9\u00e9 plusieurs newsletters sur Substack, parce que c\u2019est un peu la plateforme du moment. Le concept est sympa,&hellip;","og_url":"https:\/\/informacyde.com\/blog\/au-quotidien\/pourquoi-jai-du-mal-avec-substack\/","og_site_name":"Informacyde","article_published_time":"2025-12-28T07:49:06+00:00","og_image":[{"width":1024,"height":683,"url":"https:\/\/informacyde.com\/blog\/wp-content\/uploads\/2025\/12\/subtackvswordpress-1024x683.png","type":"image\/png"}],"author":"Harold","twitter_card":"summary_large_image","twitter_creator":"@https:\/\/twitter.com\/informacyde","twitter_site":"@informacyde","twitter_misc":{"\u00c9crit par":"Harold","Dur\u00e9e de lecture estim\u00e9e":"3 minutes"},"schema":{"@context":"https:\/\/schema.org","@graph":[{"@type":"Article","@id":"https:\/\/informacyde.com\/blog\/au-quotidien\/pourquoi-jai-du-mal-avec-substack\/#article","isPartOf":{"@id":"https:\/\/informacyde.com\/blog\/au-quotidien\/pourquoi-jai-du-mal-avec-substack\/"},"author":{"name":"Harold","@id":"https:\/\/informacyde.com\/blog\/#\/schema\/person\/e7e6dfe56d697fdbf8cdc6ab587bd4a3"},"headline":"Pourquoi j&rsquo;ai du mal avec Substack","datePublished":"2025-12-28T07:49:06+00:00","mainEntityOfPage":{"@id":"https:\/\/informacyde.com\/blog\/au-quotidien\/pourquoi-jai-du-mal-avec-substack\/"},"wordCount":446,"commentCount":0,"publisher":{"@id":"https:\/\/informacyde.com\/blog\/#\/schema\/person\/e7e6dfe56d697fdbf8cdc6ab587bd4a3"},"image":{"@id":"https:\/\/informacyde.com\/blog\/au-quotidien\/pourquoi-jai-du-mal-avec-substack\/#primaryimage"},"thumbnailUrl":"https:\/\/i0.wp.com\/informacyde.com\/blog\/wp-content\/uploads\/2025\/12\/subtackvswordpress.png?fit=1536%2C1024&ssl=1","articleSection":["Au quotidien"],"inLanguage":"fr-FR","potentialAction":[{"@type":"CommentAction","name":"Comment","target":["https:\/\/informacyde.com\/blog\/au-quotidien\/pourquoi-jai-du-mal-avec-substack\/#respond"]}]},{"@type":"WebPage","@id":"https:\/\/informacyde.com\/blog\/au-quotidien\/pourquoi-jai-du-mal-avec-substack\/","url":"https:\/\/informacyde.com\/blog\/au-quotidien\/pourquoi-jai-du-mal-avec-substack\/","name":"Pourquoi j'ai du mal avec Substack - Informacyde","isPartOf":{"@id":"https:\/\/informacyde.com\/blog\/#website"},"primaryImageOfPage":{"@id":"https:\/\/informacyde.com\/blog\/au-quotidien\/pourquoi-jai-du-mal-avec-substack\/#primaryimage"},"image":{"@id":"https:\/\/informacyde.com\/blog\/au-quotidien\/pourquoi-jai-du-mal-avec-substack\/#primaryimage"},"thumbnailUrl":"https:\/\/i0.wp.com\/informacyde.com\/blog\/wp-content\/uploads\/2025\/12\/subtackvswordpress.png?fit=1536%2C1024&ssl=1","datePublished":"2025-12-28T07:49:06+00:00","breadcrumb":{"@id":"https:\/\/informacyde.com\/blog\/au-quotidien\/pourquoi-jai-du-mal-avec-substack\/#breadcrumb"},"inLanguage":"fr-FR","potentialAction":[{"@type":"ReadAction","target":["https:\/\/informacyde.com\/blog\/au-quotidien\/pourquoi-jai-du-mal-avec-substack\/"]}]},{"@type":"ImageObject","inLanguage":"fr-FR","@id":"https:\/\/informacyde.com\/blog\/au-quotidien\/pourquoi-jai-du-mal-avec-substack\/#primaryimage","url":"https:\/\/i0.wp.com\/informacyde.com\/blog\/wp-content\/uploads\/2025\/12\/subtackvswordpress.png?fit=1536%2C1024&ssl=1","contentUrl":"https:\/\/i0.wp.com\/informacyde.com\/blog\/wp-content\/uploads\/2025\/12\/subtackvswordpress.png?fit=1536%2C1024&ssl=1","width":1536,"height":1024},{"@type":"BreadcrumbList","@id":"https:\/\/informacyde.com\/blog\/au-quotidien\/pourquoi-jai-du-mal-avec-substack\/#breadcrumb","itemListElement":[{"@type":"ListItem","position":1,"name":"Accueil","item":"https:\/\/informacyde.com\/blog\/"},{"@type":"ListItem","position":2,"name":"Pourquoi j&rsquo;ai du mal avec Substack"}]},{"@type":"WebSite","@id":"https:\/\/informacyde.com\/blog\/#website","url":"https:\/\/informacyde.com\/blog\/","name":"Informacyde","description":"High-Tech &amp; Co - Depuis 2004","publisher":{"@id":"https:\/\/informacyde.com\/blog\/#\/schema\/person\/e7e6dfe56d697fdbf8cdc6ab587bd4a3"},"potentialAction":[{"@type":"SearchAction","target":{"@type":"EntryPoint","urlTemplate":"https:\/\/informacyde.com\/blog\/?s={search_term_string}"},"query-input":{"@type":"PropertyValueSpecification","valueRequired":true,"valueName":"search_term_string"}}],"inLanguage":"fr-FR"},{"@type":["Person","Organization"],"@id":"https:\/\/informacyde.com\/blog\/#\/schema\/person\/e7e6dfe56d697fdbf8cdc6ab587bd4a3","name":"Harold","logo":{"@id":"https:\/\/informacyde.com\/blog\/#\/schema\/person\/image\/"},"sameAs":["https:\/\/www.linkedin.com\/in\/harold-birene-6b35a2114\/","https:\/\/x.com\/https:\/\/twitter.com\/informacyde"],"url":"https:\/\/informacyde.com\/blog"}]}},"jetpack_featured_media_url":"https:\/\/i0.wp.com\/informacyde.com\/blog\/wp-content\/uploads\/2025\/12\/subtackvswordpress.png?fit=1536%2C1024&ssl=1","jetpack_shortlink":"https:\/\/wp.me\/piIgU-2Gs","jetpack_sharing_enabled":true,"_links":{"self":[{"href":"https:\/\/informacyde.com\/blog\/wp-json\/wp\/v2\/posts\/10320","targetHints":{"allow":["GET"]}}],"collection":[{"href":"https:\/\/informacyde.com\/blog\/wp-json\/wp\/v2\/posts"}],"about":[{"href":"https:\/\/informacyde.com\/blog\/wp-json\/wp\/v2\/types\/post"}],"author":[{"embeddable":true,"href":"https:\/\/informacyde.com\/blog\/wp-json\/wp\/v2\/users\/10"}],"replies":[{"embeddable":true,"href":"https:\/\/informacyde.com\/blog\/wp-json\/wp\/v2\/comments?post=10320"}],"version-history":[{"count":2,"href":"https:\/\/informacyde.com\/blog\/wp-json\/wp\/v2\/posts\/10320\/revisions"}],"predecessor-version":[{"id":10323,"href":"https:\/\/informacyde.com\/blog\/wp-json\/wp\/v2\/posts\/10320\/revisions\/10323"}],"wp:featuredmedia":[{"embeddable":true,"href":"https:\/\/informacyde.com\/blog\/wp-json\/wp\/v2\/media\/10322"}],"wp:attachment":[{"href":"https:\/\/informacyde.com\/blog\/wp-json\/wp\/v2\/media?parent=10320"}],"wp:term":[{"taxonomy":"category","embeddable":true,"href":"https:\/\/informacyde.com\/blog\/wp-json\/wp\/v2\/categories?post=10320"},{"taxonomy":"post_tag","embeddable":true,"href":"https:\/\/informacyde.com\/blog\/wp-json\/wp\/v2\/tags?post=10320"}],"curies":[{"name":"wp","href":"https:\/\/api.w.org\/{rel}","templated":true}]}}